{"id":92502,"date":"2008-08-08T16:33:46","date_gmt":"2008-08-08T16:33:46","guid":{"rendered":"http:\/\/diariodominicano.ddns.net\/?p=92502"},"modified":"2008-08-08T16:33:46","modified_gmt":"2008-08-08T16:33:46","slug":"aprotel-realizara-tarde-magica-infantil","status":"publish","type":"post","link":"https:\/\/diariodominicano.com\/?p=92502","title":{"rendered":"Aprotel realizara tarde m\u00e1gica-infantil"},"content":{"rendered":"<p><body><\/p>\n<p align=\"justify\"><span class=\"titulogrande1\">Aprotel realizara tarde  m\u00e1gica-infantil <\/span><br \/>&#13;<br \/>\n  \u00a0<br \/>&#13;<br \/>\n  <span class=\"text1noticias\"><strong><img loading=\"lazy\" decoding=\"async\" src=\"http:\/\/localhost:8080\/gente\/img\/aprotel.jpg\" width=\"375\" height=\"593\" hspace=\"4\" align=\"left\" \/>Santo Domingo Este.-<\/strong>\u00a0 El presidente de la Asociaci\u00f3n de  Periodistas y Productores de Programas de Radio y Televisi\u00f3n de la Provincia Santo  Domingo (APROTEL), T.R. Williams, anunci\u00f3 la celebraci\u00f3n de la \u00abTarde M\u00e1gica-Infantil\u00bb,  que ser\u00e1 dirigida a los hijos e hijas de los y las periodistas de la Provincia Santo  Domingo.<br \/>&#13;<br \/>\n  \u00a0<br \/>&#13;<br \/>\n  El evento se llevar\u00e1 a cabo  este s\u00e1bado 9 de agosto, a partir de las dos de la tarde, en el Patio Espa\u00f1ol  del Hotel Tropicana en el municipio Santo Domingo Este.<br \/>&#13;<br \/>\n  \u00a0<br \/>&#13;<br \/>\n  TR Williams, presidente de la  entidad, sostuvo que en el encuentro ser\u00e1 animado por payasos y cantantes  juveniles, quienes repartir\u00e1n golosinas, regalos, juguetes y otras sorpresas a  los ni\u00f1os y ni\u00f1as participantes\u00bb.<br \/>&#13;<br \/>\n  \u00a0<br \/>&#13;<br \/>\n\u00abEsta actividad forma  parte del cierre de las vacaciones y como regalo a los que merecen siempre un  espacio de diversi\u00f3n\u00bb, afirm\u00f3.<br \/>&#13;<br \/>\n  \u00a0<br \/>&#13;<br \/>\n  Williams expres\u00f3 su  agradecimiento a las empresas e instituciones que han dado su apoyo para que  los ni\u00f1os puedan recibir juguetes, mochilas, helados, y otros obsequios. Entre  ellas a la Gobernaci\u00f3n  de la Provincia Santo  Domingo, la oficina de la senadora  Cristina Lizardo, Centro Cuesta Nacional y su empresa Juguet\u00f3n, Helados Bon y  Excelente Taxi.<br \/>&#13;<br \/>\n  \u00a0<br \/>&#13;<br \/>\n  Adem\u00e1s de TR Williams forman  parte de la directiva de APROTEL los periodistas Juan Antonio Cruz Trifolio,  Edwin de la Cruz,  Rafael Caminero, Jhonny Carpio, Robert Vargas, Ram\u00f3n Ram\u00edrez, Santo Asensio,  Jos\u00e9 De Le\u00f3n, entre otros.<\/span><\/p>\n<p>&#13;<\/p>\n<h6> 2008-08-08 16:33:46 <\/h6>\n<p><!--\n<link rel=\"stylesheet\" href=\"css\/bootstrap.min.css\">\n\n\n<ul class=\"pagination\">\n\t    \n\t\n\n<li >\n\t<a href='?page_no=21123'>Previous<\/a>\n\t<\/li>\n\n\n       \n    \n\n<li><a href='?page_no=1'>1<\/a><\/li>\n\n\n\n<li><a href='?page_no=2'>2<\/a><\/li>\n\n\n\n<li><a>...<\/a><\/li>\n\n\n\n<li><a href='?page_no=21122'>21122<\/a><\/li>\n\n\n\n<li><a href='?page_no=21123'>21123<\/a><\/li>\n\n\n\n<li class='active'><a>21124<\/a><\/li>\n\n\n\n<li><a href='?page_no=21125'>21125<\/a><\/li>\n\n\n\n<li><a href='?page_no=21126'>21126<\/a><\/li>\n\n\n\n<li><a>...<\/a><\/li>\n\n\n\n<li><a href='?page_no=22522'>22522<\/a><\/li>\n\n\n\n<li><a href='?page_no=22523'>22523<\/a><\/li>\n\n    \n\t\n\n<li >\n\t<a href='?page_no=21125'>Next<\/a>\n\t<\/li>\n\n\n    \n\n<li><a href='?page_no=22523'>Last &rsaquo;&rsaquo;<\/a><\/li>\n\n<\/ul>\n\n\n--><br \/>\n<\/body><\/p>\n","protected":false},"excerpt":{"rendered":"<p>Aprotel realizara tarde m\u00e1gica-infantil &#13; \u00a0&#13; Santo Domingo Este.-\u00a0 El presidente de la Asociaci\u00f3n de Periodistas y Productores de Programas de Radio y Televisi\u00f3n de la Provincia Santo Domingo (APROTEL), T.R. Williams, anunci\u00f3 la celebraci\u00f3n de la \u00abTarde M\u00e1gica-Infantil\u00bb, que ser\u00e1 dirigida a los hijos e hijas de los y las periodistas de la Provincia [&hellip;]<\/p>\n","protected":false},"author":3,"featured_media":0,"comment_status":"open","ping_status":"open","sticky":false,"template":"","format":"standard","meta":{"footnotes":""},"categories":[25],"tags":[],"class_list":["post-92502","post","type-post","status-publish","format-standard","hentry","category-gente"],"_links":{"self":[{"href":"https:\/\/diariodominicano.com\/index.php?rest_route=\/wp\/v2\/posts\/92502","targetHints":{"allow":["GET"]}}],"collection":[{"href":"https:\/\/diariodominicano.com\/index.php?rest_route=\/wp\/v2\/posts"}],"about":[{"href":"https:\/\/diariodominicano.com\/index.php?rest_route=\/wp\/v2\/types\/post"}],"author":[{"embeddable":true,"href":"https:\/\/diariodominicano.com\/index.php?rest_route=\/wp\/v2\/users\/3"}],"replies":[{"embeddable":true,"href":"https:\/\/diariodominicano.com\/index.php?rest_route=%2Fwp%2Fv2%2Fcomments&post=92502"}],"version-history":[{"count":0,"href":"https:\/\/diariodominicano.com\/index.php?rest_route=\/wp\/v2\/posts\/92502\/revisions"}],"wp:attachment":[{"href":"https:\/\/diariodominicano.com\/index.php?rest_route=%2Fwp%2Fv2%2Fmedia&parent=92502"}],"wp:term":[{"taxonomy":"category","embeddable":true,"href":"https:\/\/diariodominicano.com\/index.php?rest_route=%2Fwp%2Fv2%2Fcategories&post=92502"},{"taxonomy":"post_tag","embeddable":true,"href":"https:\/\/diariodominicano.com\/index.php?rest_route=%2Fwp%2Fv2%2Ftags&post=92502"}],"curies":[{"name":"wp","href":"https:\/\/api.w.org\/{rel}","templated":true}]}}