{"id":92501,"date":"2008-08-08T16:36:39","date_gmt":"2008-08-08T16:36:39","guid":{"rendered":"http:\/\/diariodominicano.ddns.net\/?p=92501"},"modified":"2008-08-08T16:36:39","modified_gmt":"2008-08-08T16:36:39","slug":"laura-bozzo-visita-los-estudios-del-programa","status":"publish","type":"post","link":"https:\/\/diariodominicano.com\/?p=92501","title":{"rendered":"Laura Bozzo visita los estudios del programa"},"content":{"rendered":"<p><body><\/p>\n<p align=\"center\" class=\"titulogrande1\"><strong>Laura Bozzo visita los estudios del  programa \u00abNoche de Luz\u00bb<\/strong><\/p>\n<p>&#13;<\/p>\n<p align=\"center\" class=\"text1noticias\"><strong>\u00a0Jaime Bayly  habla sobre Bozzo en el programa<\/strong><\/p>\n<p>&#13;<\/p>\n<p align=\"justify\" class=\"text1noticias\"><strong><img loading=\"lazy\" decoding=\"async\" src=\"http:\/\/localhost:8080\/gente\/img\/bozo garcia.jpg\" width=\"375\" height=\"281\" hspace=\"4\" align=\"left\" \/>Santo Domingo,  Rep\u00fablica Dominicana.-<\/strong> Laura Bozzo concedi\u00f3 una entrevista a la  comunicadora Luz Garc\u00eda, que podr\u00e1 ser vista en el programa \u00abNoche de  Luz\u00bb este s\u00e1bado 9 de agosto a partir de las 8:00 de la noche por Antena  Latina, canal 7.<\/p>\n<p>&#13;<\/p>\n<p align=\"justify\" class=\"text1noticias\">Durante el  encuentro Laura dej\u00f3 a un lado la dureza que le caracteriza para mostrar su  aspecto m\u00e1s sensible en una entrevista en la\u00a0cual las l\u00e1grimas no faltaron.<\/p>\n<p>&#13;<\/p>\n<p align=\"justify\" class=\"text1noticias\">La peruana se  refiere de manera m\u00e1s profunda a la depresi\u00f3n que vivi\u00f3 durante su arresto  domiciliario, que por tres a\u00f1os la mantuvo encerrada en un estudio de  televisi\u00f3n de su pa\u00eds.<\/p>\n<p>&#13;<\/p>\n<p align=\"justify\" class=\"text1noticias\">&#13;<br \/>\nDe igual forma  en el programa de Luz Garc\u00eda, que produce el realizador de televisi\u00f3n, cine y  video clips, Alberto Zayas, se presenta la opini\u00f3n de Jaime Bayly, quien se  refiere a su par peruana.<\/p>\n<p>&#13;<\/p>\n<p align=\"justify\" class=\"text1noticias\">Desde hace  varios meses Bozzo y Bayly se han enfrentado p\u00fablicamente en una contienda que  ha trascendido las fronteras del Per\u00fa.<\/p>\n<p>&#13;<\/p>\n<p align=\"justify\" class=\"text1noticias\">Laura Bozzo est\u00e1  de visita en Rep\u00fablica Dominicana con el objetivo de iniciar la pre-producci\u00f3n  de su pr\u00f3xima propuesta televisiva y aprovech\u00f3 la oportunidad para producir un  acercamiento con los principales medios de comunicaci\u00f3n de Santo Domingo.<\/p>\n<p>&#13;<\/p>\n<p align=\"justify\" class=\"text1noticias\">Seg\u00fan Promofilm,  empresa que tiene a su cargo producir el nuevo espacio, Laura estar\u00e1 en el aire  dentro de tres meses por un canal que todav\u00eda no se ha develado.<\/p>\n<p>&#13;<\/p>\n<p align=\"justify\" class=\"text1noticias\">De igual forma  la productora inform\u00f3 que el programa, que constar\u00e1 de 13 especiales, ser\u00e1 difundido  a todo Estados Unidos con el prop\u00f3sito de llegar a la comunidad dominicana  residente en New York y toda el \u00e1rea triestatal.<\/p>\n<p>&#13;<\/p>\n<h6> 2008-08-08 16:36:39 <\/h6>\n<p><!--\n<link rel=\"stylesheet\" href=\"css\/bootstrap.min.css\">\n\n\n<ul class=\"pagination\">\n\t    \n\t\n\n<li >\n\t<a href='?page_no=21122'>Previous<\/a>\n\t<\/li>\n\n\n       \n    \n\n<li><a href='?page_no=1'>1<\/a><\/li>\n\n\n\n<li><a href='?page_no=2'>2<\/a><\/li>\n\n\n\n<li><a>...<\/a><\/li>\n\n\n\n<li><a href='?page_no=21121'>21121<\/a><\/li>\n\n\n\n<li><a href='?page_no=21122'>21122<\/a><\/li>\n\n\n\n<li class='active'><a>21123<\/a><\/li>\n\n\n\n<li><a href='?page_no=21124'>21124<\/a><\/li>\n\n\n\n<li><a href='?page_no=21125'>21125<\/a><\/li>\n\n\n\n<li><a>...<\/a><\/li>\n\n\n\n<li><a href='?page_no=22522'>22522<\/a><\/li>\n\n\n\n<li><a href='?page_no=22523'>22523<\/a><\/li>\n\n    \n\t\n\n<li >\n\t<a href='?page_no=21124'>Next<\/a>\n\t<\/li>\n\n\n    \n\n<li><a href='?page_no=22523'>Last &rsaquo;&rsaquo;<\/a><\/li>\n\n<\/ul>\n\n\n--><br \/>\n<\/body><\/p>\n","protected":false},"excerpt":{"rendered":"<p>Laura Bozzo visita los estudios del programa \u00abNoche de Luz\u00bb &#13; \u00a0Jaime Bayly habla sobre Bozzo en el programa &#13; Santo Domingo, Rep\u00fablica Dominicana.- Laura Bozzo concedi\u00f3 una entrevista a la comunicadora Luz Garc\u00eda, que podr\u00e1 ser vista en el programa \u00abNoche de Luz\u00bb este s\u00e1bado 9 de agosto a partir de las 8:00 de [&hellip;]<\/p>\n","protected":false},"author":3,"featured_media":0,"comment_status":"open","ping_status":"open","sticky":false,"template":"","format":"standard","meta":{"footnotes":""},"categories":[25],"tags":[],"class_list":["post-92501","post","type-post","status-publish","format-standard","hentry","category-gente"],"_links":{"self":[{"href":"https:\/\/diariodominicano.com\/index.php?rest_route=\/wp\/v2\/posts\/92501","targetHints":{"allow":["GET"]}}],"collection":[{"href":"https:\/\/diariodominicano.com\/index.php?rest_route=\/wp\/v2\/posts"}],"about":[{"href":"https:\/\/diariodominicano.com\/index.php?rest_route=\/wp\/v2\/types\/post"}],"author":[{"embeddable":true,"href":"https:\/\/diariodominicano.com\/index.php?rest_route=\/wp\/v2\/users\/3"}],"replies":[{"embeddable":true,"href":"https:\/\/diariodominicano.com\/index.php?rest_route=%2Fwp%2Fv2%2Fcomments&post=92501"}],"version-history":[{"count":0,"href":"https:\/\/diariodominicano.com\/index.php?rest_route=\/wp\/v2\/posts\/92501\/revisions"}],"wp:attachment":[{"href":"https:\/\/diariodominicano.com\/index.php?rest_route=%2Fwp%2Fv2%2Fmedia&parent=92501"}],"wp:term":[{"taxonomy":"category","embeddable":true,"href":"https:\/\/diariodominicano.com\/index.php?rest_route=%2Fwp%2Fv2%2Fcategories&post=92501"},{"taxonomy":"post_tag","embeddable":true,"href":"https:\/\/diariodominicano.com\/index.php?rest_route=%2Fwp%2Fv2%2Ftags&post=92501"}],"curies":[{"name":"wp","href":"https:\/\/api.w.org\/{rel}","templated":true}]}}