{"id":92499,"date":"2008-08-14T21:07:20","date_gmt":"2008-08-14T21:07:20","guid":{"rendered":"http:\/\/diariodominicano.ddns.net\/?p=92499"},"modified":"2008-08-14T21:07:20","modified_gmt":"2008-08-14T21:07:20","slug":"fiesta-en-vivo-desde-el-centro","status":"publish","type":"post","link":"https:\/\/diariodominicano.com\/?p=92499","title":{"rendered":"Fiesta \u201cEn vivo desde el Centro\u201d"},"content":{"rendered":"<p><body><\/p>\n<p align=\"justify\"><span class=\"titulogrande1\">Fiesta  \u201cEn vivo desde el Centro\u201d<\/span><br \/>&#13;<br \/>\n  <br \/>&#13;<br \/>\n    <span class=\"text1noticias\"><img loading=\"lazy\" decoding=\"async\" src=\"http:\/\/localhost:8080\/gente\/img\/centro cultural espana.jpg\" width=\"375\" height=\"55\" hspace=\"4\" align=\"left\" \/>Ra\u00edces musicales dominicanas, ritmos haitianos y  afroperuanos, melod\u00edas del jazz de los a\u00f1os \u201930, aires de rock y de funk, de  palos y reggae, y muchos otros ritmos m\u00e1s,\u00a0  es la oferta de la <strong>cuarta edici\u00f3n<\/strong> de <strong>En vivo desde el Centro<\/strong>, que se  desarrollar\u00e1 en el <strong>Centro Cultural de  Espa\u00f1a<\/strong> desde el <strong>viernes 22 al  domingo 24 de agosto<\/strong>, siempre a partir de las <strong>8:00 de la noche<\/strong>.<br \/>&#13;<br \/>\n    <br \/>&#13;<br \/>\n    Tres  d\u00edas, seis artistas o agrupaciones musicales, todo un fin de semana entre  acordes y melod\u00edas diversos, para muchos gustos. En el Centro Cultural de  Espa\u00f1a reinar\u00e1 la m\u00fasica por un tr\u00edo de d\u00edas en el cual se presentar\u00e1n  cantautores, bandas de jazz y grupos basados en el folclore de sus pa\u00edses.<br \/>&#13;<br \/>\n    <br \/>&#13;<br \/>\n    <strong>\u201cEn vivo desde el Centro\u201d<\/strong> cumplir\u00e1 su cuarta edici\u00f3n los d\u00edas 22, 23 y 24 de agosto. En esos d\u00edas la  protagonista del CCE ser\u00e1 la m\u00fasica, tanto de artistas y agrupaciones  nacionales, como provenientes de Espa\u00f1a, Hait\u00ed y el Per\u00fa. <br \/>&#13;<br \/>\n    <br \/>&#13;<br \/>\n  Los <strong>cantautores <\/strong>dominicanos <strong>Janio Lora<\/strong> y <strong>Javier Celado<\/strong> inauguran esta nueva edici\u00f3n de un evento que ya  viene siendo costumbre entre los amantes de las m\u00fasicas. Porque de eso se  trata, que sea m\u00faltiple y diversa. <br \/>&#13;<br \/>\n  <br \/>&#13;<br \/>\n  Entre  los Beatles y Fito P\u00e1ez, pasando por una diversidad de m\u00fasicos presentes desde  su infancia, Janio Lora ha escrito canciones de distintos calibres, en donde se  encuentran las preocupaciones sociales y pol\u00edticas, hasta las motivaciones  amorosas y filos\u00f3ficas, mezcladas con las influencias del rock, del blues y del  country. <br \/>&#13;<br \/>\n  <br \/>&#13;<br \/>\n  Javier  Celado se ha forjado con la trova y el reggae, con el folk y con la m\u00fasica  latinoamericana. En su trayectoria musical de m\u00e1s de una d\u00e9cada ha ganado  varios premios en el Concurso de M\u00fasica de Casa de Teatro. Perteneci\u00f3 a  reconocidos grupos musicales, como A\u2019entro, Origami y Cuanto Cuanto. <br \/>&#13;<br \/>\n  <br \/>&#13;<br \/>\n  Jazz  con sonido moderno e impregnado de una fusi\u00f3n de estilos caribe\u00f1os y  afroperuanos es la propuesta para el s\u00e1bado 23 de <strong>Ania Paz<\/strong>, pianista y compositora peruana residente en el pa\u00eds.  Actualmente dirige el Ania Paz Jazz  Ensamble. Su m\u00fasica le ha llevado por otros pa\u00edses, como Alemania, Espa\u00f1a y  Estados Unidos. <br \/>&#13;<br \/>\n  <br \/>&#13;<br \/>\n  La  banda espa\u00f1ola <strong>Racalmuto<\/strong>, bas\u00e1ndose  en recreaciones de las composiciones de los m\u00fasicos de los a\u00f1os \u201830 <strong>Raymond Scott<\/strong> y de la banda de <strong>John Kirby<\/strong> as\u00ed como en las piezas  originales, se presentar\u00e1 en la misma fecha que Ania Paz. El sexteto tiene una  amplia experiencia en el mundo del jazz, tanto cl\u00e1sico como popular. Entre el  Curr\u00edculum Vitae de Racalmuto se encuentran varias bandas sonaras y  colaboraciones para el mundo del teatro. <br \/>&#13;<br \/>\n  <br \/>&#13;<br \/>\n  <strong>El Batey<\/strong> es rico en fusi\u00f3n. Lo atestiguan los numerosos ritmos y estilos musicales  tradicionales de Rep\u00fablica Dominicana que atesoran en su repertorio, que van  desde los palos y el merengue, la bachata y los palos, los congos y las salves,  y todo eso mezclado con influencias del rock, del jazz, del soul, el funk y el  reggae, entre otros. <br \/>&#13;<br \/>\n  <br \/>&#13;<br \/>\n  La  agrupaci\u00f3n haitiana <strong>Racine Mapou de Azor<\/strong> trae a Rep\u00fablica Dominicana una interesante propuesta musical. Es liderada por  L\u00e9nord Fortun\u00e9 \u201cAzor\u201d, quien form\u00f3 parte de la banda musical Racine Kanga de Wawa,  grupo pionero en tocar m\u00fasica vud\u00fa en concierto. El \u00e9xito alcanzado por la  agrupaci\u00f3n que ahora lidera implica la normalizaci\u00f3n del vud\u00fa a trav\u00e9s de la  m\u00fasica y su reconocimiento como elemento cultural importante de Hait\u00ed.<br \/>&#13;<br \/>\n  <br \/>&#13;<br \/>\n  <strong>Ficha: <\/strong><br \/>&#13;<br \/>\n  <br \/>&#13;<br \/>\n  <strong>Las presentaciones en el CCE<\/strong><br \/>&#13;<br \/>\n  <br \/>&#13;<br \/>\n  <strong>Viernes 22 agosto. Noche de Cantautores.<\/strong><br \/>&#13;<br \/>\n  Janio Lora (Rep\u00fablica Dominicana)<br \/>&#13;<br \/>\nJavier Celado (Rep\u00fablica Dominicana)<\/span><\/p>\n<p>&#13;<\/p>\n<p align=\"justify\" class=\"text1noticias\"><strong>S\u00e1bado  23. Noche de Jazz.<br \/>&#13;<br \/>\n<\/strong>Ania Paz Jazz Emsamble (Per\u00fa\/Rep\u00fablica  Dominicana)<br \/>&#13;<br \/>\nRacalmuto (Espa\u00f1a)<\/p>\n<p>&#13;<\/p>\n<p align=\"justify\" class=\"text1noticias\"><strong>Domingo  24. Noche folcl\u00f3rica<br \/>&#13;<br \/>\n<\/strong>El Batey (Rep\u00fablica Dominicana)<br \/>&#13;<br \/>\nAzor (Hait\u00ed)<\/p>\n<p>&#13;<\/p>\n<p align=\"justify\" class=\"text1noticias\"><strong>Los conciertos en los tres d\u00edas  comenzar\u00e1n puntualmente a partir de las 8:00 p.m.<\/strong><\/p>\n<p>&#13;<\/p>\n<h6> 2008-08-14 21:07:20 <\/h6>\n<p><!--\n<link rel=\"stylesheet\" href=\"css\/bootstrap.min.css\">\n\n\n<ul class=\"pagination\">\n\t    \n\t\n\n<li >\n\t<a href='?page_no=21120'>Previous<\/a>\n\t<\/li>\n\n\n       \n    \n\n<li><a href='?page_no=1'>1<\/a><\/li>\n\n\n\n<li><a href='?page_no=2'>2<\/a><\/li>\n\n\n\n<li><a>...<\/a><\/li>\n\n\n\n<li><a href='?page_no=21119'>21119<\/a><\/li>\n\n\n\n<li><a href='?page_no=21120'>21120<\/a><\/li>\n\n\n\n<li class='active'><a>21121<\/a><\/li>\n\n\n\n<li><a href='?page_no=21122'>21122<\/a><\/li>\n\n\n\n<li><a href='?page_no=21123'>21123<\/a><\/li>\n\n\n\n<li><a>...<\/a><\/li>\n\n\n\n<li><a href='?page_no=22522'>22522<\/a><\/li>\n\n\n\n<li><a href='?page_no=22523'>22523<\/a><\/li>\n\n    \n\t\n\n<li >\n\t<a href='?page_no=21122'>Next<\/a>\n\t<\/li>\n\n\n    \n\n<li><a href='?page_no=22523'>Last &rsaquo;&rsaquo;<\/a><\/li>\n\n<\/ul>\n\n\n--><br \/>\n<\/body><\/p>\n","protected":false},"excerpt":{"rendered":"<p>Fiesta \u201cEn vivo desde el Centro\u201d&#13; &#13; Ra\u00edces musicales dominicanas, ritmos haitianos y afroperuanos, melod\u00edas del jazz de los a\u00f1os \u201930, aires de rock y de funk, de palos y reggae, y muchos otros ritmos m\u00e1s,\u00a0 es la oferta de la cuarta edici\u00f3n de En vivo desde el Centro, que se desarrollar\u00e1 en el Centro [&hellip;]<\/p>\n","protected":false},"author":3,"featured_media":0,"comment_status":"open","ping_status":"open","sticky":false,"template":"","format":"standard","meta":{"footnotes":""},"categories":[25],"tags":[],"class_list":["post-92499","post","type-post","status-publish","format-standard","hentry","category-gente"],"_links":{"self":[{"href":"https:\/\/diariodominicano.com\/index.php?rest_route=\/wp\/v2\/posts\/92499","targetHints":{"allow":["GET"]}}],"collection":[{"href":"https:\/\/diariodominicano.com\/index.php?rest_route=\/wp\/v2\/posts"}],"about":[{"href":"https:\/\/diariodominicano.com\/index.php?rest_route=\/wp\/v2\/types\/post"}],"author":[{"embeddable":true,"href":"https:\/\/diariodominicano.com\/index.php?rest_route=\/wp\/v2\/users\/3"}],"replies":[{"embeddable":true,"href":"https:\/\/diariodominicano.com\/index.php?rest_route=%2Fwp%2Fv2%2Fcomments&post=92499"}],"version-history":[{"count":0,"href":"https:\/\/diariodominicano.com\/index.php?rest_route=\/wp\/v2\/posts\/92499\/revisions"}],"wp:attachment":[{"href":"https:\/\/diariodominicano.com\/index.php?rest_route=%2Fwp%2Fv2%2Fmedia&parent=92499"}],"wp:term":[{"taxonomy":"category","embeddable":true,"href":"https:\/\/diariodominicano.com\/index.php?rest_route=%2Fwp%2Fv2%2Fcategories&post=92499"},{"taxonomy":"post_tag","embeddable":true,"href":"https:\/\/diariodominicano.com\/index.php?rest_route=%2Fwp%2Fv2%2Ftags&post=92499"}],"curies":[{"name":"wp","href":"https:\/\/api.w.org\/{rel}","templated":true}]}}