{"id":92497,"date":"2008-08-14T21:18:52","date_gmt":"2008-08-14T21:18:52","guid":{"rendered":"http:\/\/diariodominicano.ddns.net\/?p=92497"},"modified":"2008-08-14T21:18:52","modified_gmt":"2008-08-14T21:18:52","slug":"artistas-cubanos-cantan-a-juan-bosch","status":"publish","type":"post","link":"https:\/\/diariodominicano.com\/?p=92497","title":{"rendered":"Artistas cubanos cantan a Juan Bosch"},"content":{"rendered":"<p><body><\/p>\n<p class=\"titulogrande1\">Artistas cubanos cantan a  Juan Bosch <\/p>\n<p>&#13;<\/p>\n<p align=\"justify\" class=\"text1noticias\"><strong>SANTO DOMINGO.\u2014<\/strong> Este  mi\u00e9rcoles fueron presentados aqu\u00ed dos discos y un video con canciones basadas  en textos del destacado intelectual y pol\u00edtico dominicano Juan Bosch (1909 \u2013  2001). <br \/>&#13;<br \/>\n  <br \/>&#13;<br \/>\n  Juan Bosch: su poes\u00eda llevada  al canto.<\/p>\n<p>&#13;<\/p>\n<p align=\"justify\" class=\"text1noticias\">Entre los artistas convocados  a participar en el proyecto se encuentran los cubanos Silvio Rodr\u00edguez y Chucho  Vald\u00e9s, quienes se sumaron a la iniciativa de la Fundaci\u00f3n que lleva el  nombre del autor del medular ensayo De Crist\u00f3bal Col\u00f3n a Fidel Castro: el  Caribe, frontera imperial. <\/p>\n<p>&#13;<\/p>\n<p align=\"justify\" class=\"text1noticias\">Aunque literariamente gan\u00f3  notoriedad como narrador y ensayista, la iniciaci\u00f3n de Bosch se dio en el  terreno po\u00e9tico. Son precisamente varios de esos textos los que a lo largo de  tres a\u00f1os se han rescatado y musicalizado para integrar el registro  fonogr\u00e1fico. <\/p>\n<p>&#13;<\/p>\n<p align=\"justify\" class=\"text1noticias\">Promotor de la iniciativa fue  Manuel Jim\u00e9nez, reconocido cantautor quien funge como diputado por el Partido  de la Liberaci\u00f3n   Dominicana (PLD), formaci\u00f3n pol\u00edtica fundada por Bosch y que  lo llev\u00f3 a la primera magistratura de la naci\u00f3n caribe\u00f1a. <\/p>\n<p>&#13;<\/p>\n<p align=\"justify\" class=\"text1noticias\">\u00abGrabamos en Bruselas,  Madrid, La Habana  y San Juan de Puerto Rico\u00bb, explic\u00f3 Jim\u00e9nez, tras puntualizar que la  primera edici\u00f3n consta de 8 000 ejemplares de cada producto y que cada disco  incluye once temas. <\/p>\n<p>&#13;<\/p>\n<p align=\"justify\" class=\"text1noticias\">Tambi\u00e9n contribuyeron a la  obra los boricuas Danny Rivera y Ram\u00f3n V\u00e1zquez, este \u00faltimo notable int\u00e9rprete  de jazz, el venezolano Sergio P\u00e9rez y los dominicanos Hochy S\u00e1nchez y F\u00e9lix de  Oleo. (SE)<\/p>\n<p>&#13;<\/p>\n<h6> 2008-08-14 21:18:52 <\/h6>\n<p><!--\n<link rel=\"stylesheet\" href=\"css\/bootstrap.min.css\">\n\n\n<ul class=\"pagination\">\n\t    \n\t\n\n<li >\n\t<a href='?page_no=21118'>Previous<\/a>\n\t<\/li>\n\n\n       \n    \n\n<li><a href='?page_no=1'>1<\/a><\/li>\n\n\n\n<li><a href='?page_no=2'>2<\/a><\/li>\n\n\n\n<li><a>...<\/a><\/li>\n\n\n\n<li><a href='?page_no=21117'>21117<\/a><\/li>\n\n\n\n<li><a href='?page_no=21118'>21118<\/a><\/li>\n\n\n\n<li class='active'><a>21119<\/a><\/li>\n\n\n\n<li><a href='?page_no=21120'>21120<\/a><\/li>\n\n\n\n<li><a href='?page_no=21121'>21121<\/a><\/li>\n\n\n\n<li><a>...<\/a><\/li>\n\n\n\n<li><a href='?page_no=22522'>22522<\/a><\/li>\n\n\n\n<li><a href='?page_no=22523'>22523<\/a><\/li>\n\n    \n\t\n\n<li >\n\t<a href='?page_no=21120'>Next<\/a>\n\t<\/li>\n\n\n    \n\n<li><a href='?page_no=22523'>Last &rsaquo;&rsaquo;<\/a><\/li>\n\n<\/ul>\n\n\n--><br \/>\n<\/body><\/p>\n","protected":false},"excerpt":{"rendered":"<p>Artistas cubanos cantan a Juan Bosch &#13; SANTO DOMINGO.\u2014 Este mi\u00e9rcoles fueron presentados aqu\u00ed dos discos y un video con canciones basadas en textos del destacado intelectual y pol\u00edtico dominicano Juan Bosch (1909 \u2013 2001). &#13; &#13; Juan Bosch: su poes\u00eda llevada al canto. &#13; Entre los artistas convocados a participar en el proyecto se [&hellip;]<\/p>\n","protected":false},"author":3,"featured_media":0,"comment_status":"open","ping_status":"open","sticky":false,"template":"","format":"standard","meta":{"footnotes":""},"categories":[25],"tags":[],"class_list":["post-92497","post","type-post","status-publish","format-standard","hentry","category-gente"],"_links":{"self":[{"href":"https:\/\/diariodominicano.com\/index.php?rest_route=\/wp\/v2\/posts\/92497","targetHints":{"allow":["GET"]}}],"collection":[{"href":"https:\/\/diariodominicano.com\/index.php?rest_route=\/wp\/v2\/posts"}],"about":[{"href":"https:\/\/diariodominicano.com\/index.php?rest_route=\/wp\/v2\/types\/post"}],"author":[{"embeddable":true,"href":"https:\/\/diariodominicano.com\/index.php?rest_route=\/wp\/v2\/users\/3"}],"replies":[{"embeddable":true,"href":"https:\/\/diariodominicano.com\/index.php?rest_route=%2Fwp%2Fv2%2Fcomments&post=92497"}],"version-history":[{"count":0,"href":"https:\/\/diariodominicano.com\/index.php?rest_route=\/wp\/v2\/posts\/92497\/revisions"}],"wp:attachment":[{"href":"https:\/\/diariodominicano.com\/index.php?rest_route=%2Fwp%2Fv2%2Fmedia&parent=92497"}],"wp:term":[{"taxonomy":"category","embeddable":true,"href":"https:\/\/diariodominicano.com\/index.php?rest_route=%2Fwp%2Fv2%2Fcategories&post=92497"},{"taxonomy":"post_tag","embeddable":true,"href":"https:\/\/diariodominicano.com\/index.php?rest_route=%2Fwp%2Fv2%2Ftags&post=92497"}],"curies":[{"name":"wp","href":"https:\/\/api.w.org\/{rel}","templated":true}]}}