{"id":92496,"date":"2008-08-14T23:36:26","date_gmt":"2008-08-14T23:36:26","guid":{"rendered":"http:\/\/diariodominicano.ddns.net\/?p=92496"},"modified":"2008-08-14T23:36:26","modified_gmt":"2008-08-14T23:36:26","slug":"roberto-carlos-en-vivo","status":"publish","type":"post","link":"https:\/\/diariodominicano.com\/?p=92496","title":{"rendered":"Roberto Carlos en vivo"},"content":{"rendered":"<p><body><\/p>\n<p class=\"titulogrande1\">Roberto  Carlos en vivo<\/p>\n<p>&#13;<\/p>\n<p align=\"justify\" class=\"text1noticias\"><strong>Miami, FL.-<\/strong> Roberto Carlos  regres\u00f3 a los escenarios para dejar registrada una noche gloriosa que muy  pronto estar\u00e1 disponible en formatos de CD y DVD. Grabada en mayo del 2007 en  Miami, la gran estrella brasile\u00f1a de todos los tiempos ofrece un disco  hist\u00f3rico.<br \/>&#13;<br \/>\n  \u00a0<br \/>&#13;<br \/>\n  Se trata de \u201cRoberto Carlos  En Vivo\u201d, su primer \u00e1lbum en castellano grabado en vivo la noche del 25 de mayo  del 2007 en el Adrienne Arsht Center de Miami for the Performing Arts. Junto a  su gran banda, el legendario cantautor recorri\u00f3 17 de sus grandes \u00e9xitos.<br \/>&#13;<br \/>\n  \u00a0<br \/>&#13;<br \/>\n  En el mismo se escuchan  canciones desde sus comienzos, influenciados por el rock and roll de los a\u00f1os  sesenta, hasta sus \u00faltimas grabaciones, en las que, junto al amor y los temas  sociales, se gan\u00f3 el coraz\u00f3n de las m\u00e1s vastas y variadas audiencias alrededor  del mundo.<br \/>&#13;<br \/>\n  \u00a0<br \/>&#13;<br \/>\n  As\u00ed se escuchan \u201cO  Calhambeque\u201d (Mi cacharrito), el primer \u00e9xito que lo da a conocer en Brasil en  los a\u00f1os sesenta como parte de \u201cLa Joven Guardia\u201d, pasando por \u201cAmada Amante\u201d,  \u201cEmociones\u201d, \u201cQu\u00e9 ser\u00e1 de ti\u201d, \u201cPropuesta\u201d, \u201cUn Gato en la Oscuridad\u201d y \u201cYo s\u00f3lo  quiero\u201d (Un mill\u00f3n de amigos): todos \u00e9xitos inolvidables.<br \/>&#13;<br \/>\n  \u00a0<br \/>&#13;<br \/>\n  M\u00e1s de 100 millones de discos  vendidos hablan de una carrera, sin precedente, en la industria latina. Una  aut\u00e9ntica leyenda del romance que es parte del cancionero m\u00e1s preciado de  Latinoam\u00e9rica.<br \/>&#13;<br \/>\n  \u00a0<br \/>&#13;<br \/>\n  El CD y DVD \u201cRoberto Carlos  En Vivo\u201d conforman un destacado lanzamiento de Sony BMG Latin que llega a las  tiendas el pr\u00f3ximo 19 de agosto.<\/p>\n<p>&#13;<\/p>\n<h6> 2008-08-14 23:36:26 <\/h6>\n<p><!--\n<link rel=\"stylesheet\" href=\"css\/bootstrap.min.css\">\n\n\n<ul class=\"pagination\">\n\t    \n\t\n\n<li >\n\t<a href='?page_no=21117'>Previous<\/a>\n\t<\/li>\n\n\n       \n    \n\n<li><a href='?page_no=1'>1<\/a><\/li>\n\n\n\n<li><a href='?page_no=2'>2<\/a><\/li>\n\n\n\n<li><a>...<\/a><\/li>\n\n\n\n<li><a href='?page_no=21116'>21116<\/a><\/li>\n\n\n\n<li><a href='?page_no=21117'>21117<\/a><\/li>\n\n\n\n<li class='active'><a>21118<\/a><\/li>\n\n\n\n<li><a href='?page_no=21119'>21119<\/a><\/li>\n\n\n\n<li><a href='?page_no=21120'>21120<\/a><\/li>\n\n\n\n<li><a>...<\/a><\/li>\n\n\n\n<li><a href='?page_no=22522'>22522<\/a><\/li>\n\n\n\n<li><a href='?page_no=22523'>22523<\/a><\/li>\n\n    \n\t\n\n<li >\n\t<a href='?page_no=21119'>Next<\/a>\n\t<\/li>\n\n\n    \n\n<li><a href='?page_no=22523'>Last &rsaquo;&rsaquo;<\/a><\/li>\n\n<\/ul>\n\n\n--><br \/>\n<\/body><\/p>\n","protected":false},"excerpt":{"rendered":"<p>Roberto Carlos en vivo &#13; Miami, FL.- Roberto Carlos regres\u00f3 a los escenarios para dejar registrada una noche gloriosa que muy pronto estar\u00e1 disponible en formatos de CD y DVD. Grabada en mayo del 2007 en Miami, la gran estrella brasile\u00f1a de todos los tiempos ofrece un disco hist\u00f3rico.&#13; \u00a0&#13; Se trata de \u201cRoberto Carlos [&hellip;]<\/p>\n","protected":false},"author":3,"featured_media":0,"comment_status":"open","ping_status":"open","sticky":false,"template":"","format":"standard","meta":{"footnotes":""},"categories":[25],"tags":[],"class_list":["post-92496","post","type-post","status-publish","format-standard","hentry","category-gente"],"_links":{"self":[{"href":"https:\/\/diariodominicano.com\/index.php?rest_route=\/wp\/v2\/posts\/92496","targetHints":{"allow":["GET"]}}],"collection":[{"href":"https:\/\/diariodominicano.com\/index.php?rest_route=\/wp\/v2\/posts"}],"about":[{"href":"https:\/\/diariodominicano.com\/index.php?rest_route=\/wp\/v2\/types\/post"}],"author":[{"embeddable":true,"href":"https:\/\/diariodominicano.com\/index.php?rest_route=\/wp\/v2\/users\/3"}],"replies":[{"embeddable":true,"href":"https:\/\/diariodominicano.com\/index.php?rest_route=%2Fwp%2Fv2%2Fcomments&post=92496"}],"version-history":[{"count":0,"href":"https:\/\/diariodominicano.com\/index.php?rest_route=\/wp\/v2\/posts\/92496\/revisions"}],"wp:attachment":[{"href":"https:\/\/diariodominicano.com\/index.php?rest_route=%2Fwp%2Fv2%2Fmedia&parent=92496"}],"wp:term":[{"taxonomy":"category","embeddable":true,"href":"https:\/\/diariodominicano.com\/index.php?rest_route=%2Fwp%2Fv2%2Fcategories&post=92496"},{"taxonomy":"post_tag","embeddable":true,"href":"https:\/\/diariodominicano.com\/index.php?rest_route=%2Fwp%2Fv2%2Ftags&post=92496"}],"curies":[{"name":"wp","href":"https:\/\/api.w.org\/{rel}","templated":true}]}}