{"id":92495,"date":"2008-08-15T16:46:36","date_gmt":"2008-08-15T16:46:36","guid":{"rendered":"http:\/\/diariodominicano.ddns.net\/?p=92495"},"modified":"2008-08-15T16:46:36","modified_gmt":"2008-08-15T16:46:36","slug":"ccn-reconoce-estudiantes-meritorios","status":"publish","type":"post","link":"https:\/\/diariodominicano.com\/?p=92495","title":{"rendered":"CCN reconoce estudiantes meritorios"},"content":{"rendered":"<p><body><\/p>\n<p class=\"titulogrande1\"><strong>CCN reconoce estudiantes  meritorios<\/strong><\/p>\n<p>&#13;<\/p>\n<p align=\"justify\"><span class=\"text1noticias\"><strong><img loading=\"lazy\" decoding=\"async\" src=\"http:\/\/localhost:8080\/gente\/img\/ccn meritorios.jpg\" width=\"375\" height=\"2387\" hspace=\"4\" align=\"left\" \/>Santo Domingo.- <\/strong>Cincuenta y ocho hijos de empleados  de las empresas de Centro Cuesta Nacional\u00a0  (CCN), con alto rendimiento en sus estudios, recibieron certificados de  reconocimiento, \u00fatiles escolares y bonos de compras de 6 y 2 mil pesos, en el  marco de la quinta edici\u00f3n de los premios a la Excelencia Acad\u00e9mica 2008,  auspiciado por esta empresa.<\/span><\/p>\n<p>&#13;<\/p>\n<p align=\"justify\" class=\"text1noticias\"> El auditorio Cardenal Beras Rojas de  Universidad Cat\u00f3lica Santo Domingo sirvi\u00f3 de escenario para el emotivo acto que  cont\u00f3 con la asistencia de ejecutivos, colaboradores y empleados de CCN,  familiares y allegados de los galardonados.<br \/>&#13;<br \/>\n  <br \/>&#13;<br \/>\nEn la actividad intervino la se\u00f1ora  Vicky Malla, vicepresidenta de responsabilidad social y asuntos corporativos de  CCN, e incluy\u00f3 las palabras de agradecimiento de la ni\u00f1a Camila S\u00e1nchez, en  representaci\u00f3n de los alumnos premiados, y de Karina V\u00e1squez, primera  beneficiaria del programa de Becas Universitarias de CCN.<\/p>\n<p>&#13;<\/p>\n<p align=\"justify\" class=\"text1noticias\"> Los obsequios y certificados fueron  entregados por Manuel Gonz\u00e1lez, vicepresidente de ferreter\u00edas; Alan Batlle,  vicepresidente de Recursos Humanos, y la se\u00f1ora Malla.<\/p>\n<p>&#13;<\/p>\n<p align=\"justify\" class=\"text1noticias\"> Malla expres\u00f3 que los alumnos  reconocidos fueron cuidadosamente seleccionados de un grupo de casi 100  propuestos, que cursaron los grados de quinto de primaria a cuarto de bachillerato,  quienes adem\u00e1s de obtener un \u00edndice acad\u00e9mico superior a los 85 puntos,  mostraron dedicaci\u00f3n y esfuerzo durante el pasado per\u00edodo escolar.<\/p>\n<p>&#13;<\/p>\n<p align=\"justify\" class=\"text1noticias\"> La vicepresidenta de responsabilidad  social y asuntos corporativos de CCN manifest\u00f3 la satisfacci\u00f3n que siente esa  empresa por poder estimular la excelencia acad\u00e9mica a trav\u00e9s de actividades que  contribuyan a exaltar el esfuerzo y aportar un gratino de arena con el  mejoramiento de la educaci\u00f3n dominicana.<\/p>\n<p>&#13;<\/p>\n<p align=\"justify\" class=\"text1noticias\"> Los padres de los estudiantes  premiados laboran en el Centro de Distribuci\u00f3n de CCN, Supermercados Nacional,  Hipermercados Jumbo, Juguet\u00f3n, Ferreter\u00eda Cuesta, Librer\u00eda Cuesta, La Despensa,  Casa Cuesta, Jumbo Express, Manuel Gonz\u00e1lez Cuesta y La Bodega.<\/p>\n<p>&#13;<\/p>\n<p align=\"justify\" class=\"text1noticias\"> Los asistentes al acto tuvieron la  oportunidad de disfrutar presentaciones art\u00edsticas y la animaci\u00f3n a cargo de  Roger Manzano, Llyanina Lora, Elaine Nivar y Ram\u00f3n Rodr\u00edguez.<\/p>\n<p>&#13;<\/p>\n<h6> 2008-08-15 16:46:36 <\/h6>\n<p><!--\n<link rel=\"stylesheet\" href=\"css\/bootstrap.min.css\">\n\n\n<ul class=\"pagination\">\n\t    \n\t\n\n<li >\n\t<a href='?page_no=21116'>Previous<\/a>\n\t<\/li>\n\n\n       \n    \n\n<li><a href='?page_no=1'>1<\/a><\/li>\n\n\n\n<li><a href='?page_no=2'>2<\/a><\/li>\n\n\n\n<li><a>...<\/a><\/li>\n\n\n\n<li><a href='?page_no=21115'>21115<\/a><\/li>\n\n\n\n<li><a href='?page_no=21116'>21116<\/a><\/li>\n\n\n\n<li class='active'><a>21117<\/a><\/li>\n\n\n\n<li><a href='?page_no=21118'>21118<\/a><\/li>\n\n\n\n<li><a href='?page_no=21119'>21119<\/a><\/li>\n\n\n\n<li><a>...<\/a><\/li>\n\n\n\n<li><a href='?page_no=22522'>22522<\/a><\/li>\n\n\n\n<li><a href='?page_no=22523'>22523<\/a><\/li>\n\n    \n\t\n\n<li >\n\t<a href='?page_no=21118'>Next<\/a>\n\t<\/li>\n\n\n    \n\n<li><a href='?page_no=22523'>Last &rsaquo;&rsaquo;<\/a><\/li>\n\n<\/ul>\n\n\n--><br \/>\n<\/body><\/p>\n","protected":false},"excerpt":{"rendered":"<p>CCN reconoce estudiantes meritorios &#13; Santo Domingo.- Cincuenta y ocho hijos de empleados de las empresas de Centro Cuesta Nacional\u00a0 (CCN), con alto rendimiento en sus estudios, recibieron certificados de reconocimiento, \u00fatiles escolares y bonos de compras de 6 y 2 mil pesos, en el marco de la quinta edici\u00f3n de los premios a la [&hellip;]<\/p>\n","protected":false},"author":3,"featured_media":0,"comment_status":"open","ping_status":"open","sticky":false,"template":"","format":"standard","meta":{"footnotes":""},"categories":[25],"tags":[],"class_list":["post-92495","post","type-post","status-publish","format-standard","hentry","category-gente"],"_links":{"self":[{"href":"https:\/\/diariodominicano.com\/index.php?rest_route=\/wp\/v2\/posts\/92495","targetHints":{"allow":["GET"]}}],"collection":[{"href":"https:\/\/diariodominicano.com\/index.php?rest_route=\/wp\/v2\/posts"}],"about":[{"href":"https:\/\/diariodominicano.com\/index.php?rest_route=\/wp\/v2\/types\/post"}],"author":[{"embeddable":true,"href":"https:\/\/diariodominicano.com\/index.php?rest_route=\/wp\/v2\/users\/3"}],"replies":[{"embeddable":true,"href":"https:\/\/diariodominicano.com\/index.php?rest_route=%2Fwp%2Fv2%2Fcomments&post=92495"}],"version-history":[{"count":0,"href":"https:\/\/diariodominicano.com\/index.php?rest_route=\/wp\/v2\/posts\/92495\/revisions"}],"wp:attachment":[{"href":"https:\/\/diariodominicano.com\/index.php?rest_route=%2Fwp%2Fv2%2Fmedia&parent=92495"}],"wp:term":[{"taxonomy":"category","embeddable":true,"href":"https:\/\/diariodominicano.com\/index.php?rest_route=%2Fwp%2Fv2%2Fcategories&post=92495"},{"taxonomy":"post_tag","embeddable":true,"href":"https:\/\/diariodominicano.com\/index.php?rest_route=%2Fwp%2Fv2%2Ftags&post=92495"}],"curies":[{"name":"wp","href":"https:\/\/api.w.org\/{rel}","templated":true}]}}