{"id":92494,"date":"2008-08-15T21:33:37","date_gmt":"2008-08-15T21:33:37","guid":{"rendered":"http:\/\/diariodominicano.ddns.net\/?p=92494"},"modified":"2008-08-15T21:33:37","modified_gmt":"2008-08-15T21:33:37","slug":"indusnig-celebra-feria-escolar-y-operativo-medico","status":"publish","type":"post","link":"https:\/\/diariodominicano.com\/?p=92494","title":{"rendered":"INDUSNIG celebra Feria Escolar y operativo m\u00e9dico"},"content":{"rendered":"<p><body><\/p>\n<p class=\"titulogrande1\"><strong>INDUSNIG celebra Feria Escolar  y operativo m\u00e9dico <\/strong><\/p>\n<p>&#13;<\/p>\n<p align=\"justify\" class=\"text1noticias\"><strong><img loading=\"lazy\" decoding=\"async\" src=\"http:\/\/localhost:8080\/gente\/img\/feria ninitos.jpg\" width=\"375\" height=\"1568\" hspace=\"4\" align=\"left\" \/>SANTO DOMINGO.-<\/strong> En un ambiente familiar rodeado de presentaciones art\u00edsticas, bailes, payasos y  la alegr\u00eda contagiosa de ni\u00f1as y ni\u00f1os, INDUSNIG realiz\u00f3 su tradicional Feria Escolar  dirigida a las y los hijos de sus empleados, que incluy\u00f3 por primer a\u00f1o un  operativo m\u00e9dico.<br \/>&#13;<br \/>\n  <br \/>&#13;<br \/>\n  Desde 1995 la Feria Escolar se realiza previo al inicio del a\u00f1o  escolar con el objetivo de ofrecer al personal de la empresa cuadernos y \u00fatiles  escolares a precios econ\u00f3micos con el patrocinio de su  reconocida marca Apolo.<br \/>&#13;<br \/>\n  <br \/>&#13;<br \/>\n  \u201cEsta feria es una celebraci\u00f3n de la familia de INDUSNIG  que cada a\u00f1o esperamos con entusiasmo y que ha ayudado a que nuestra gente y  sus hijos compartan juntos un pasad\u00eda lleno de diversiones. Es nuestra  intenci\u00f3n unir cada d\u00eda m\u00e1s nuestro equipo humano a trav\u00e9s de este tipo de  actividades\u201d, expres\u00f3 Leo Marion-Landais, Process Owner de la L\u00ednea de Cuadernos.<br \/>&#13;<br \/>\n<br \/>&#13;<br \/>\nComo cada a\u00f1o, se premiaron los estudiantes meritorios.  Resultaron ganadores en la primera categor\u00eda (primero a cuarto de b\u00e1sica)  Hamlet Vidal, con un promedio de 98 puntos; en la segunda categor\u00eda (quinto a  octavo) Emely Roc\u00edo Rodr\u00edguez, con un promedio de 91 puntos, y en la tercera  categor\u00eda (primero a cuarto de educaci\u00f3n media) Madelyn Dur\u00e1n Suazo, con un  promedio de 98 puntos, quienes recibieron cuadernos Apolo y bonos de compras  para \u00fatiles escolares. <br \/>&#13;<br \/>\n<br \/>&#13;<br \/>\nCon la colaboraci\u00f3n de ARS Humano, este a\u00f1o se realiz\u00f3  adem\u00e1s un operativo m\u00e9dico que incluy\u00f3 pediatr\u00eda, desparasitaci\u00f3n, evaluaci\u00f3n  corporal y vacunaci\u00f3n.<\/p>\n<p>&#13;<\/p>\n<p align=\"justify\" class=\"text1noticias\"><strong>Acerca de  INDUSNIG<\/strong><\/p>\n<p>&#13;<\/p>\n<p align=\"justify\" class=\"text1noticias\">Desde su fundaci\u00f3n en 1959, Industrias Nigua C. x A.  (INDUSNIG) ha estado comprometida con el desarrollo  industrial del pa\u00eds y alcanzar la excelencia. INDUSNIG, fiel a su cultura  innovadora y para responder a los retos de la globalizaci\u00f3n y la apertura  comercial, redise\u00f1a su modelo gerencial e introduce la gesti\u00f3n de empresa por  procesos, con el fin de optimizar sus sistemas  de producci\u00f3n.<br \/>&#13;<br \/>\n  <br \/>&#13;<br \/>\n  INDUSNIG ha sido pionera en la producci\u00f3n en el pa\u00eds de  Sacos de Papel, Papel Higi\u00e9nico, Servilletas, Cuadernos y\u00a0 Fundas Plegadas. <br \/>&#13;<br \/>\n  <br \/>&#13;<br \/>\n  Para m\u00e1s informaci\u00f3n s\u00edrvase visitar la web: www.indusnig.com.do<\/p>\n<p>&#13;<\/p>\n<h6> 2008-08-15 21:33:37 <\/h6>\n<p><!--\n<link rel=\"stylesheet\" href=\"css\/bootstrap.min.css\">\n\n\n<ul class=\"pagination\">\n\t    \n\t\n\n<li >\n\t<a href='?page_no=21115'>Previous<\/a>\n\t<\/li>\n\n\n       \n    \n\n<li><a href='?page_no=1'>1<\/a><\/li>\n\n\n\n<li><a href='?page_no=2'>2<\/a><\/li>\n\n\n\n<li><a>...<\/a><\/li>\n\n\n\n<li><a href='?page_no=21114'>21114<\/a><\/li>\n\n\n\n<li><a href='?page_no=21115'>21115<\/a><\/li>\n\n\n\n<li class='active'><a>21116<\/a><\/li>\n\n\n\n<li><a href='?page_no=21117'>21117<\/a><\/li>\n\n\n\n<li><a href='?page_no=21118'>21118<\/a><\/li>\n\n\n\n<li><a>...<\/a><\/li>\n\n\n\n<li><a href='?page_no=22522'>22522<\/a><\/li>\n\n\n\n<li><a href='?page_no=22523'>22523<\/a><\/li>\n\n    \n\t\n\n<li >\n\t<a href='?page_no=21117'>Next<\/a>\n\t<\/li>\n\n\n    \n\n<li><a href='?page_no=22523'>Last &rsaquo;&rsaquo;<\/a><\/li>\n\n<\/ul>\n\n\n--><br \/>\n<\/body><\/p>\n","protected":false},"excerpt":{"rendered":"<p>INDUSNIG celebra Feria Escolar y operativo m\u00e9dico &#13; SANTO DOMINGO.- En un ambiente familiar rodeado de presentaciones art\u00edsticas, bailes, payasos y la alegr\u00eda contagiosa de ni\u00f1as y ni\u00f1os, INDUSNIG realiz\u00f3 su tradicional Feria Escolar dirigida a las y los hijos de sus empleados, que incluy\u00f3 por primer a\u00f1o un operativo m\u00e9dico.&#13; &#13; Desde 1995 la [&hellip;]<\/p>\n","protected":false},"author":3,"featured_media":0,"comment_status":"open","ping_status":"open","sticky":false,"template":"","format":"standard","meta":{"footnotes":""},"categories":[25],"tags":[],"class_list":["post-92494","post","type-post","status-publish","format-standard","hentry","category-gente"],"_links":{"self":[{"href":"https:\/\/diariodominicano.com\/index.php?rest_route=\/wp\/v2\/posts\/92494","targetHints":{"allow":["GET"]}}],"collection":[{"href":"https:\/\/diariodominicano.com\/index.php?rest_route=\/wp\/v2\/posts"}],"about":[{"href":"https:\/\/diariodominicano.com\/index.php?rest_route=\/wp\/v2\/types\/post"}],"author":[{"embeddable":true,"href":"https:\/\/diariodominicano.com\/index.php?rest_route=\/wp\/v2\/users\/3"}],"replies":[{"embeddable":true,"href":"https:\/\/diariodominicano.com\/index.php?rest_route=%2Fwp%2Fv2%2Fcomments&post=92494"}],"version-history":[{"count":0,"href":"https:\/\/diariodominicano.com\/index.php?rest_route=\/wp\/v2\/posts\/92494\/revisions"}],"wp:attachment":[{"href":"https:\/\/diariodominicano.com\/index.php?rest_route=%2Fwp%2Fv2%2Fmedia&parent=92494"}],"wp:term":[{"taxonomy":"category","embeddable":true,"href":"https:\/\/diariodominicano.com\/index.php?rest_route=%2Fwp%2Fv2%2Fcategories&post=92494"},{"taxonomy":"post_tag","embeddable":true,"href":"https:\/\/diariodominicano.com\/index.php?rest_route=%2Fwp%2Fv2%2Ftags&post=92494"}],"curies":[{"name":"wp","href":"https:\/\/api.w.org\/{rel}","templated":true}]}}