{"id":92492,"date":"2008-08-18T15:47:48","date_gmt":"2008-08-18T15:47:48","guid":{"rendered":"http:\/\/diariodominicano.ddns.net\/?p=92492"},"modified":"2008-08-18T15:47:48","modified_gmt":"2008-08-18T15:47:48","slug":"michelle-fragoso-se-presenta-en-the-place-of-miami","status":"publish","type":"post","link":"https:\/\/diariodominicano.com\/?p=92492","title":{"rendered":"Michelle Fragoso se presenta en The Place of Miami"},"content":{"rendered":"<p><body><\/p>\n<p class=\"titulogrande1\"><strong>Michelle Fragoso se presenta en The Place of Miami<\/strong> <\/p>\n<p>&#13;<\/p>\n<p align=\"justify\" class=\"text1noticias\"><strong>Prepara gira por Rep\u00fablica  Dominicana para octubre 08<\/strong><\/p>\n<p>&#13;<\/p>\n<p align=\"justify\" class=\"text1noticias\"><strong><img loading=\"lazy\" decoding=\"async\" src=\"http:\/\/localhost:8080\/gente\/img\/michel fragoso.jpg\" width=\"375\" height=\"559\" hspace=\"4\" align=\"left\" \/>Miami, Florida.-<\/strong> El Cantante cubano Michelle  Fragoso llega este jueves 21 a la sala de conciertos The Place of Miami donde  se re\u00fane con una constelaci\u00f3n de n\u00f3veles estrellas de la m\u00fasica latina para el  concierto \u00abEsencia\u00bb.<\/p>\n<p>&#13;<\/p>\n<p align=\"justify\" class=\"text1noticias\">La cartelera pautada para las ocho de las noche, cuenta adem\u00e1s con la  actuaci\u00f3n especial de la colombiana Saavedra, quien estrenar\u00e1 el sencillo  \u00abYerbabuena\u00bb en \u00abLa Ciudad del Sol\u00bb.<\/p>\n<p>&#13;<\/p>\n<p align=\"justify\" class=\"text1noticias\">De igual forma se anunci\u00f3 la participaci\u00f3n de los mejicanos Jorge Correa  y Gaby Villanueva quienes con su m\u00fasica llenar\u00e1n de variedad el establecimiento  de la calle 8 y 29 avenida en South West.<\/p>\n<p>&#13;<\/p>\n<p align=\"justify\" class=\"text1noticias\">De su lado el pianista Michelle Fragoso, quien ha  colaborado en grabaciones con el boricua Ricky Martin, se prepara para una gira  por Rep\u00fablica Dominicana en el mes de octubre.<\/p>\n<p>&#13;<\/p>\n<p align=\"justify\" class=\"text1noticias\">Pero antes alista la pre-producci\u00f3n de su primer \u00e1lbum en solitario que  ver\u00e1 la luz en el mes de febrero pr\u00f3ximo.<\/p>\n<p>&#13;<\/p>\n<p align=\"justify\" class=\"text1noticias\">Nacido en El Cotorro (La Habana), sus inicios en el arte lo llevan a los  mejores conservatorios de m\u00fasica en su natal Cuba, culmin\u00e1ndolos en el ENA (Escuela Nacional  de Arte). <\/p>\n<p>&#13;<\/p>\n<p align=\"justify\" class=\"text1noticias\">En 1990, siendo un adolescente, Fragoso se radica en Espa\u00f1a luego de una  gira con el grupo La Charanga Latina de Cuba, desde donde inicia un periplo que  lo lleva a tocar con artistas de primera categor\u00eda como su compatriota Arturo  Sandoval, Lu\u00eds Enrique, Cristian Castro, Amaury Guti\u00e9rrez y Son by Four.<\/p>\n<p>&#13;<\/p>\n<p align=\"justify\" class=\"text1noticias\">Estos grandes maestros le ense\u00f1an el valor de un trabajo profesional,  disciplinado y de altura para poder calar y permanecer en el exigente negocio  de la m\u00fasica latina.<\/p>\n<p>&#13;<\/p>\n<p align=\"justify\" class=\"text1noticias\">Lo de este cubano  es la mezcla del pop, jazz, rock, timba, hip hop y  R&amp;B, para crear un \u00abMajunge que lo mismo te hace llorar como  bailar\u00bb, seg\u00fan explica el mismo cantautor.<\/p>\n<p>&#13;<\/p>\n<p align=\"justify\" class=\"text1noticias\">\u00abMi m\u00fasica es un experimento, es comunicaci\u00f3n y descarga, basada en  una armon\u00eda de sonidos electr\u00f3nicos y ac\u00fasticos que se conjugan con mi voz para  crear un producto final \u00fanico\u00bb, dice el tambi\u00e9n guitarrista, Fragoso.<\/p>\n<p>&#13;<\/p>\n<p align=\"justify\" class=\"text1noticias\">Sobre la presentaci\u00f3n de este jueves 21 de agosto en The Place of Miami,  Michelle refiere que es un lugar donde se han presentado artista como Albita,  \u00c1lvaro Torres, Rey Ruiz o La India y ahora \u00e9l, \u00ablo que representa un honor  para m\u00ed poder tocar en el mismo escenario donde estos grandes lo han  hecho\u00bb.<\/p>\n<p>&#13;<\/p>\n<p align=\"justify\" class=\"text1noticias\">Ficha:<\/p>\n<p>&#13;<\/p>\n<p align=\"justify\" class=\"text1noticias\"><strong>Concierto:<\/strong> Esencia<br \/>&#13;<br \/>\n  <strong>Fecha:<\/strong> Jueves 21 de agosto 08<br \/>&#13;<br \/>\n  <strong>Lugar:<\/strong> The Place of Miami <br \/>&#13;<br \/>\n  <strong>Hora:<\/strong> 8:00 PM <br \/>&#13;<br \/>\n  <strong>Cover: <\/strong>Free <br \/>&#13;<br \/>\n  <strong>Direcci\u00f3n:<\/strong> The Place, 833 SW 29 Ave. (Calle 8 y avenida 29)<br \/>&#13;<br \/>\n<strong>Informaci\u00f3n:<\/strong> 305-642-6994<\/p>\n<p>&#13;<\/p>\n<h6> 2008-08-18 15:47:48 <\/h6>\n<p><!--\n<link rel=\"stylesheet\" href=\"css\/bootstrap.min.css\">\n\n\n<ul class=\"pagination\">\n\t    \n\t\n\n<li >\n\t<a href='?page_no=21113'>Previous<\/a>\n\t<\/li>\n\n\n       \n    \n\n<li><a href='?page_no=1'>1<\/a><\/li>\n\n\n\n<li><a href='?page_no=2'>2<\/a><\/li>\n\n\n\n<li><a>...<\/a><\/li>\n\n\n\n<li><a href='?page_no=21112'>21112<\/a><\/li>\n\n\n\n<li><a href='?page_no=21113'>21113<\/a><\/li>\n\n\n\n<li class='active'><a>21114<\/a><\/li>\n\n\n\n<li><a href='?page_no=21115'>21115<\/a><\/li>\n\n\n\n<li><a href='?page_no=21116'>21116<\/a><\/li>\n\n\n\n<li><a>...<\/a><\/li>\n\n\n\n<li><a href='?page_no=22522'>22522<\/a><\/li>\n\n\n\n<li><a href='?page_no=22523'>22523<\/a><\/li>\n\n    \n\t\n\n<li >\n\t<a href='?page_no=21115'>Next<\/a>\n\t<\/li>\n\n\n    \n\n<li><a href='?page_no=22523'>Last &rsaquo;&rsaquo;<\/a><\/li>\n\n<\/ul>\n\n\n--><br \/>\n<\/body><\/p>\n","protected":false},"excerpt":{"rendered":"<p>Michelle Fragoso se presenta en The Place of Miami &#13; Prepara gira por Rep\u00fablica Dominicana para octubre 08 &#13; Miami, Florida.- El Cantante cubano Michelle Fragoso llega este jueves 21 a la sala de conciertos The Place of Miami donde se re\u00fane con una constelaci\u00f3n de n\u00f3veles estrellas de la m\u00fasica latina para el concierto [&hellip;]<\/p>\n","protected":false},"author":3,"featured_media":0,"comment_status":"open","ping_status":"open","sticky":false,"template":"","format":"standard","meta":{"footnotes":""},"categories":[25],"tags":[],"class_list":["post-92492","post","type-post","status-publish","format-standard","hentry","category-gente"],"_links":{"self":[{"href":"https:\/\/diariodominicano.com\/index.php?rest_route=\/wp\/v2\/posts\/92492","targetHints":{"allow":["GET"]}}],"collection":[{"href":"https:\/\/diariodominicano.com\/index.php?rest_route=\/wp\/v2\/posts"}],"about":[{"href":"https:\/\/diariodominicano.com\/index.php?rest_route=\/wp\/v2\/types\/post"}],"author":[{"embeddable":true,"href":"https:\/\/diariodominicano.com\/index.php?rest_route=\/wp\/v2\/users\/3"}],"replies":[{"embeddable":true,"href":"https:\/\/diariodominicano.com\/index.php?rest_route=%2Fwp%2Fv2%2Fcomments&post=92492"}],"version-history":[{"count":0,"href":"https:\/\/diariodominicano.com\/index.php?rest_route=\/wp\/v2\/posts\/92492\/revisions"}],"wp:attachment":[{"href":"https:\/\/diariodominicano.com\/index.php?rest_route=%2Fwp%2Fv2%2Fmedia&parent=92492"}],"wp:term":[{"taxonomy":"category","embeddable":true,"href":"https:\/\/diariodominicano.com\/index.php?rest_route=%2Fwp%2Fv2%2Fcategories&post=92492"},{"taxonomy":"post_tag","embeddable":true,"href":"https:\/\/diariodominicano.com\/index.php?rest_route=%2Fwp%2Fv2%2Ftags&post=92492"}],"curies":[{"name":"wp","href":"https:\/\/api.w.org\/{rel}","templated":true}]}}