{"id":92491,"date":"2008-08-18T17:04:43","date_gmt":"2008-08-18T17:04:43","guid":{"rendered":"http:\/\/diariodominicano.ddns.net\/?p=92491"},"modified":"2008-08-18T17:04:43","modified_gmt":"2008-08-18T17:04:43","slug":"diego-mena-apuesta-por-nuevos-caminos-en-hey","status":"publish","type":"post","link":"https:\/\/diariodominicano.com\/?p=92491","title":{"rendered":"Diego Mena apuesta por nuevos caminos en \u201cHey!\u201d"},"content":{"rendered":"<p><body><\/p>\n<p class=\"titulogrande1\"><strong>Diego Mena apuesta por nuevos caminos en \u00abHey\u00bb <\/strong><\/p>\n<p>&#13;<\/p>\n<p align=\"justify\" class=\"text1noticias\"><strong><img loading=\"lazy\" decoding=\"async\" src=\"http:\/\/localhost:8080\/gente\/img\/diego mena.jpg\" width=\"375\" height=\"800\" hspace=\"4\" align=\"left\" \/><br \/>&#13;<br \/>\n<\/strong> El int\u00e9rprete de \u201cSe me fue la mano\u201d presenta  en Hard Rock Caf\u00e9 su primera producci\u00f3n discogr\u00e1fica titulada \u201cHey!\u201d, el jueves  21 de agosto a las 10:00 de la noche. <\/p>\n<p>&#13;<\/p>\n<p align=\"justify\" class=\"text1noticias\"><strong>Santo Domingo.-<\/strong> Despu\u00e9s de  varios a\u00f1os en la escena del rock independiente, en el que perteneci\u00f3 a la  banda Auro &amp; Clemt y co-fundador de Gonz\u00e1lez junto a Nelson Poket, Diego  Mena, presenta su primer disco solista titulado \u201cHey!\u201d. <\/p>\n<p>&#13;<\/p>\n<p align=\"justify\" class=\"text1noticias\"> En \u00e9ste, su  primer trabajo en solitario, Mena flirtea con el jangle rock, el folk y algunos  momentos sinf\u00f3nicos. Con una narrativa por momentos introspectiva, optimista y  en ciertos casos ir\u00f3nicas, cada tema puede defender por s\u00ed solo esta obra. Por  las hileras de grabaci\u00f3n de este EP, pasaron notables m\u00fasicos como Jos\u00e9  Alejandro Bordas, Miguel Mart\u00ednez, Eduardo Coronado, Nelson Poket, Oscar  Marchena, Juango D\u00e1valos, Fernando Larrama, Rafael L\u00e1zzaro, Carlos Mainardi y  Gustavo Rodr\u00edguez.<\/p>\n<p>&#13;<\/p>\n<p align=\"justify\" class=\"text1noticias\">Este jueves  21 de agosto ser\u00e1 presentado formalmente \u201cHey!\u201d, en el escenario que se ha  convertido en la casa del rock nacional, Hard Rock Caf\u00e9 Santo Domingo, luego de  haber retornado de presentar \u201cHey!\u201d en la ciudad de Nueva York, durante el mes  de julio, tras haber participado en el Latin Alternative Music Conference  (LAMC), es el turno de que el p\u00fablico nacional disfrute de este disco. <\/p>\n<p>&#13;<\/p>\n<p align=\"justify\" class=\"text1noticias\">Con un  estilo caracter\u00edstico, vibrante, quien cuando est\u00e1 en el escenario logra una  empat\u00eda con la audiencia como s\u00f3lo los grandes artistas saben alcanzar.\u00a0 HYPERLINK  \u00abhttp:\/\/www.rock.com.mx\/kiwibang_08.html\u00bb Sin lugar a dudas, Diego  Mena, con su primera producci\u00f3n ha obtenido ser en tan poco tiempo uno de los  consentidos del momento, llevando tras su espalda una propuesta musical que  surge a ra\u00edz de buscar una nueva alternativa sonora. <\/p>\n<p>&#13;<\/p>\n<p align=\"justify\" class=\"text1noticias\">\u201cHey!\u201d, se  basa en todas y cada una de las influencias que ha captado desde sus inicios en  la escena del rock, lo que le ha permitido entregar un sonido \u00fanico e  interesante, reflejado en las letras que integran este nuevo EP.<\/p>\n<p>&#13;<\/p>\n<p align=\"justify\" class=\"text1noticias\">El disco,  que ya va cosechando sus primeros frutos despu\u00e9s de estar disponible al  p\u00fablico\u00a0 desde mediados de junio, fue  seleccionado con uno de sus temas para el compilado Mixed-Tape de la revista  impresa de la Mercedes-Benz que es conformado por varios artistas  internacionales, al igual que en su sitio Web: www.mercedes-benz.tv. <\/p>\n<p>&#13;<\/p>\n<p align=\"justify\" class=\"text1noticias\">La noche  del 21 de agosto promete ser una gran celebraci\u00f3n de la m\u00fasica y un reencuentro  con su p\u00fablico. La entrada al concierto es gratis. \u00abHey!\u00bb puede  comprarse en Uepa-Ticket (Bella Vista Mall), www.revista360.com (pago contra  entrega adomicilio) y a final de este mes formar\u00e1 parte del cat\u00e1logo del iTunes  Store.<\/p>\n<p>&#13;<\/p>\n<h6> 2008-08-18 17:04:43 <\/h6>\n<p><!--\n<link rel=\"stylesheet\" href=\"css\/bootstrap.min.css\">\n\n\n<ul class=\"pagination\">\n\t    \n\t\n\n<li >\n\t<a href='?page_no=21112'>Previous<\/a>\n\t<\/li>\n\n\n       \n    \n\n<li><a href='?page_no=1'>1<\/a><\/li>\n\n\n\n<li><a href='?page_no=2'>2<\/a><\/li>\n\n\n\n<li><a>...<\/a><\/li>\n\n\n\n<li><a href='?page_no=21111'>21111<\/a><\/li>\n\n\n\n<li><a href='?page_no=21112'>21112<\/a><\/li>\n\n\n\n<li class='active'><a>21113<\/a><\/li>\n\n\n\n<li><a href='?page_no=21114'>21114<\/a><\/li>\n\n\n\n<li><a href='?page_no=21115'>21115<\/a><\/li>\n\n\n\n<li><a>...<\/a><\/li>\n\n\n\n<li><a href='?page_no=22522'>22522<\/a><\/li>\n\n\n\n<li><a href='?page_no=22523'>22523<\/a><\/li>\n\n    \n\t\n\n<li >\n\t<a href='?page_no=21114'>Next<\/a>\n\t<\/li>\n\n\n    \n\n<li><a href='?page_no=22523'>Last &rsaquo;&rsaquo;<\/a><\/li>\n\n<\/ul>\n\n\n--><br \/>\n<\/body><\/p>\n","protected":false},"excerpt":{"rendered":"<p>Diego Mena apuesta por nuevos caminos en \u00abHey\u00bb &#13; &#13; El int\u00e9rprete de \u201cSe me fue la mano\u201d presenta en Hard Rock Caf\u00e9 su primera producci\u00f3n discogr\u00e1fica titulada \u201cHey!\u201d, el jueves 21 de agosto a las 10:00 de la noche. &#13; Santo Domingo.- Despu\u00e9s de varios a\u00f1os en la escena del rock independiente, en el [&hellip;]<\/p>\n","protected":false},"author":3,"featured_media":0,"comment_status":"open","ping_status":"open","sticky":false,"template":"","format":"standard","meta":{"footnotes":""},"categories":[25],"tags":[],"class_list":["post-92491","post","type-post","status-publish","format-standard","hentry","category-gente"],"_links":{"self":[{"href":"https:\/\/diariodominicano.com\/index.php?rest_route=\/wp\/v2\/posts\/92491","targetHints":{"allow":["GET"]}}],"collection":[{"href":"https:\/\/diariodominicano.com\/index.php?rest_route=\/wp\/v2\/posts"}],"about":[{"href":"https:\/\/diariodominicano.com\/index.php?rest_route=\/wp\/v2\/types\/post"}],"author":[{"embeddable":true,"href":"https:\/\/diariodominicano.com\/index.php?rest_route=\/wp\/v2\/users\/3"}],"replies":[{"embeddable":true,"href":"https:\/\/diariodominicano.com\/index.php?rest_route=%2Fwp%2Fv2%2Fcomments&post=92491"}],"version-history":[{"count":0,"href":"https:\/\/diariodominicano.com\/index.php?rest_route=\/wp\/v2\/posts\/92491\/revisions"}],"wp:attachment":[{"href":"https:\/\/diariodominicano.com\/index.php?rest_route=%2Fwp%2Fv2%2Fmedia&parent=92491"}],"wp:term":[{"taxonomy":"category","embeddable":true,"href":"https:\/\/diariodominicano.com\/index.php?rest_route=%2Fwp%2Fv2%2Fcategories&post=92491"},{"taxonomy":"post_tag","embeddable":true,"href":"https:\/\/diariodominicano.com\/index.php?rest_route=%2Fwp%2Fv2%2Ftags&post=92491"}],"curies":[{"name":"wp","href":"https:\/\/api.w.org\/{rel}","templated":true}]}}