{"id":92490,"date":"2008-08-18T18:22:51","date_gmt":"2008-08-18T18:22:51","guid":{"rendered":"http:\/\/diariodominicano.ddns.net\/?p=92490"},"modified":"2008-08-18T18:22:51","modified_gmt":"2008-08-18T18:22:51","slug":"fito-paez-y-sus-grandes-canciones","status":"publish","type":"post","link":"https:\/\/diariodominicano.com\/?p=92490","title":{"rendered":"Fito P\u00e1ez y sus \u201cGrandes Canciones\u201d"},"content":{"rendered":"<p><body><\/p>\n<p align=\"justify\"><strong class=\"titulogrande1\">Fito P\u00e1ez y  sus \u201cGrandes Canciones\u201d<\/strong><br \/>&#13;<br \/>\n  <br \/>&#13;<br \/>\n    <span class=\"text1noticias\"><strong>El\u00a0rockero  argentino presenta un disco donde re\u00fane los temas m\u00e1s significativos de su carrera<\/strong><br \/>&#13;<br \/>\n    <br \/>&#13;<br \/>\n    <strong>Incluye \u201cUn  vestido y un amor\u201d, \u201cTumbas de la gloria\u201d, \u201cYo vengo a ofrecer mi coraz\u00f3n\u201d y \u201cLa Rueda M\u00e1gica\u201d, junto a Charly Garc\u00eda y Andr\u00e9s Calamaro<\/strong><br \/>&#13;<br \/>\n    <br \/>&#13;<br \/>\n    <strong>Este  mes\u00a0recorrer\u00e1 el pa\u00eds con conciertos y promocionando este lanzamiento de Sony BMG Latin<\/strong><br \/>&#13;<br \/>\n    <br \/>&#13;<br \/>\n    <strong>El \u00e1lbum ya  est\u00e1 disponible en las tiendas<\/strong><br \/>&#13;<br \/>\n    <br \/>&#13;<br \/>\n    <strong><img loading=\"lazy\" decoding=\"async\" src=\"http:\/\/localhost:8080\/gente\/img\/fito paez.jpg\" width=\"375\" height=\"243\" hspace=\"4\" align=\"left\" \/>Miami, FL.-<\/strong> <strong>Fito P\u00e1ez<\/strong> ha  escrito parte de la historia del rock-pop latino, siendo pionero de un estilo  que hoy es popular en todo el continente. El m\u00fasico, nacido en la ciudad de  Rosario, Argentina, ha alcanzado m\u00e1s de 3 millones de discos vendidos y se ha  ganado un sinn\u00famero de seguidores, los mismos que esperaban el lanzamiento de  un disco con un resumen de su carrera.<br \/>&#13;<br \/>\n  <br \/>&#13;<br \/>\n  Y finalmente, el  disco lleg\u00f3. Se trata de \u201cGrandes Canciones\u201d, una colecci\u00f3n de los 15 temas m\u00e1s  significativos en su carrera como \u201cUn vestido y un amor\u201d, \u201cTumbas de la  gloria\u201d, \u201cYo vengo a ofrecer mi coraz\u00f3n\u201d y \u201cEl amor despu\u00e9s del amor\u201d. En el  tema \u201cLa Rueda M\u00e1gica\u201d se puede escuchar la colaboraci\u00f3n de sus compatriotas <strong>Charly Garc\u00eda<\/strong> y <strong>Andr\u00e9s Calamaro<\/strong>.<br \/>&#13;<br \/>\n  <br \/>&#13;<br \/>\n  Durante este mes,  Fito P\u00e1ez realizar\u00e1 una gira promocional por Estados Unidos ofreciendo  conciertos y promocionando este lanzamiento.<br \/>&#13;<br \/>\n  <br \/>&#13;<br \/>\n  Recientemente, y  luego de recibir los premios m\u00e1s importantes de la industria musical como dos  Premios Grammy en el a\u00f1o 2000 en las categor\u00edas \u201cMejor Canci\u00f3n de Rock\u201d y  \u201cMejor Interpretaci\u00f3n Masculina\u201d, y otro en el a\u00f1o 2007 como \u201cMejor  Interpretaci\u00f3n Vocal en \u00c1lbum de Rock\u201d, recibi\u00f3 el premio presidencial de la  Asociaci\u00f3n Grammy en reconocimiento a su contribuci\u00f3n a la m\u00fasica y por su  distintiva carrera.<br \/>&#13;<br \/>\n  <br \/>&#13;<br \/>\nLa historia que \u00e9l  mismo escribi\u00f3 con su m\u00fasica, hoy le brinda este homenaje musical que el  p\u00fablico no se debe perder. \u201cGrandes Canciones\u201d es un lanzamiento de Sony BMG  Latin, ya disponible en las tiendas.<\/span><\/p>\n<p>&#13;<\/p>\n<h6> 2008-08-18 18:22:51 <\/h6>\n<p><!--\n<link rel=\"stylesheet\" href=\"css\/bootstrap.min.css\">\n\n\n<ul class=\"pagination\">\n\t    \n\t\n\n<li >\n\t<a href='?page_no=21111'>Previous<\/a>\n\t<\/li>\n\n\n       \n    \n\n<li><a href='?page_no=1'>1<\/a><\/li>\n\n\n\n<li><a href='?page_no=2'>2<\/a><\/li>\n\n\n\n<li><a>...<\/a><\/li>\n\n\n\n<li><a href='?page_no=21110'>21110<\/a><\/li>\n\n\n\n<li><a href='?page_no=21111'>21111<\/a><\/li>\n\n\n\n<li class='active'><a>21112<\/a><\/li>\n\n\n\n<li><a href='?page_no=21113'>21113<\/a><\/li>\n\n\n\n<li><a href='?page_no=21114'>21114<\/a><\/li>\n\n\n\n<li><a>...<\/a><\/li>\n\n\n\n<li><a href='?page_no=22522'>22522<\/a><\/li>\n\n\n\n<li><a href='?page_no=22523'>22523<\/a><\/li>\n\n    \n\t\n\n<li >\n\t<a href='?page_no=21113'>Next<\/a>\n\t<\/li>\n\n\n    \n\n<li><a href='?page_no=22523'>Last &rsaquo;&rsaquo;<\/a><\/li>\n\n<\/ul>\n\n\n--><br \/>\n<\/body><\/p>\n","protected":false},"excerpt":{"rendered":"<p>Fito P\u00e1ez y sus \u201cGrandes Canciones\u201d&#13; &#13; El\u00a0rockero argentino presenta un disco donde re\u00fane los temas m\u00e1s significativos de su carrera&#13; &#13; Incluye \u201cUn vestido y un amor\u201d, \u201cTumbas de la gloria\u201d, \u201cYo vengo a ofrecer mi coraz\u00f3n\u201d y \u201cLa Rueda M\u00e1gica\u201d, junto a Charly Garc\u00eda y Andr\u00e9s Calamaro&#13; &#13; Este mes\u00a0recorrer\u00e1 el pa\u00eds con [&hellip;]<\/p>\n","protected":false},"author":3,"featured_media":0,"comment_status":"open","ping_status":"open","sticky":false,"template":"","format":"standard","meta":{"footnotes":""},"categories":[25],"tags":[],"class_list":["post-92490","post","type-post","status-publish","format-standard","hentry","category-gente"],"_links":{"self":[{"href":"https:\/\/diariodominicano.com\/index.php?rest_route=\/wp\/v2\/posts\/92490","targetHints":{"allow":["GET"]}}],"collection":[{"href":"https:\/\/diariodominicano.com\/index.php?rest_route=\/wp\/v2\/posts"}],"about":[{"href":"https:\/\/diariodominicano.com\/index.php?rest_route=\/wp\/v2\/types\/post"}],"author":[{"embeddable":true,"href":"https:\/\/diariodominicano.com\/index.php?rest_route=\/wp\/v2\/users\/3"}],"replies":[{"embeddable":true,"href":"https:\/\/diariodominicano.com\/index.php?rest_route=%2Fwp%2Fv2%2Fcomments&post=92490"}],"version-history":[{"count":0,"href":"https:\/\/diariodominicano.com\/index.php?rest_route=\/wp\/v2\/posts\/92490\/revisions"}],"wp:attachment":[{"href":"https:\/\/diariodominicano.com\/index.php?rest_route=%2Fwp%2Fv2%2Fmedia&parent=92490"}],"wp:term":[{"taxonomy":"category","embeddable":true,"href":"https:\/\/diariodominicano.com\/index.php?rest_route=%2Fwp%2Fv2%2Fcategories&post=92490"},{"taxonomy":"post_tag","embeddable":true,"href":"https:\/\/diariodominicano.com\/index.php?rest_route=%2Fwp%2Fv2%2Ftags&post=92490"}],"curies":[{"name":"wp","href":"https:\/\/api.w.org\/{rel}","templated":true}]}}