{"id":92485,"date":"2008-08-18T23:25:32","date_gmt":"2008-08-18T23:25:32","guid":{"rendered":"http:\/\/diariodominicano.ddns.net\/?p=92485"},"modified":"2008-08-18T23:25:32","modified_gmt":"2008-08-18T23:25:32","slug":"luis-enrique-realiza-gira-por-ecuador-tiene-carisma-sencillez-y-humildad","status":"publish","type":"post","link":"https:\/\/diariodominicano.com\/?p=92485","title":{"rendered":"Luis Enrique realiza gira por Ecuador; tiene \u201ccarisma, sencillez y humildad\u201d"},"content":{"rendered":"<p><body><\/p>\n<p class=\"titulogrande1\">Luis  Enrique realiza gira por Ecuador; tiene \u201ccarisma, sencillez y humildad\u201d<\/p>\n<p>&#13;<\/p>\n<p align=\"justify\" class=\"text1noticias\"><strong><img loading=\"lazy\" decoding=\"async\" src=\"http:\/\/localhost:8080\/gente\/img\/luis enriques.jpg\" width=\"375\" height=\"248\" hspace=\"4\" align=\"left\" \/>Miami, FL.-<\/strong> \u201cCarisma,  sencillez y humildad\u201d, con esas palabras se refieren a Luis Enrique en la  prensa ecuatoriana luego de su paso por Guayaquil presentando un multitudinario  concierto que comparti\u00f3 con otro salsero de lujo: Rey Ruiz.<br \/>&#13;<br \/>\n  \u00a0<br \/>&#13;<br \/>\n\u201cEl p\u00fablico ecuatoriano hace  de todo para que te sientas como uno m\u00e1s de ellos\u201d, dijo el cantautor  nicarag\u00fcense en la conferencia de prensa que brind\u00f3 horas antes del concierto  que realizaron el pasado 14 de agosto en el Jard\u00edn Centro de Eventos de  Guayaquil.<br \/>&#13;<br \/>\n  \u00a0<br \/>&#13;<br \/>\n\u201cSe sienten en casa\u201d,  escribi\u00f3 el peri\u00f3dico Extra sobre los artistas, ratificando las palabras del  m\u00fasico.<br \/>&#13;<br \/>\n  \u00a0<br \/>&#13;<br \/>\n  Por su parte, el peri\u00f3dico  Expreso titul\u00f3 \u201cDos salseros en caliente\u201d, contando las an\u00e9cdotas y futuros  proyectos de ambos artistas. En encuentro con la prensa, m\u00e1s que una reuni\u00f3n  formal, los periodistas le llamaron una \u201cconversaci\u00f3n entre amigos\u00bb.\u00a0 En la charla, Luis Enrique habl\u00f3 de la expansi\u00f3n  de la salsa y de los nuevos g\u00e9neros, pero destac\u00f3 que \u201cla evoluci\u00f3n de la salsa  permite que hoy sea favorita de un p\u00fablico mucho m\u00e1s amplio\u201d.<br \/>&#13;<br \/>\n  \u00a0<br \/>&#13;<br \/>\nLuego del \u00e9xito de \u201cDentro y  Fuera\u201d, su reciente disco publicado en el 2007, Luis Enrique ya tiene un pie en  la sala de grabaciones para registrar un nuevo trabajo discogr\u00e1fico que se  conocer\u00e1 en los pr\u00f3ximos meses.<\/p>\n<p>&#13;<\/p>\n<h6> 2008-08-18 23:25:32 <\/h6>\n<p><!--\n<link rel=\"stylesheet\" href=\"css\/bootstrap.min.css\">\n\n\n<ul class=\"pagination\">\n\t    \n\t\n\n<li >\n\t<a href='?page_no=21106'>Previous<\/a>\n\t<\/li>\n\n\n       \n    \n\n<li><a href='?page_no=1'>1<\/a><\/li>\n\n\n\n<li><a href='?page_no=2'>2<\/a><\/li>\n\n\n\n<li><a>...<\/a><\/li>\n\n\n\n<li><a href='?page_no=21105'>21105<\/a><\/li>\n\n\n\n<li><a href='?page_no=21106'>21106<\/a><\/li>\n\n\n\n<li class='active'><a>21107<\/a><\/li>\n\n\n\n<li><a href='?page_no=21108'>21108<\/a><\/li>\n\n\n\n<li><a href='?page_no=21109'>21109<\/a><\/li>\n\n\n\n<li><a>...<\/a><\/li>\n\n\n\n<li><a href='?page_no=22522'>22522<\/a><\/li>\n\n\n\n<li><a href='?page_no=22523'>22523<\/a><\/li>\n\n    \n\t\n\n<li >\n\t<a href='?page_no=21108'>Next<\/a>\n\t<\/li>\n\n\n    \n\n<li><a href='?page_no=22523'>Last &rsaquo;&rsaquo;<\/a><\/li>\n\n<\/ul>\n\n\n--><br \/>\n<\/body><\/p>\n","protected":false},"excerpt":{"rendered":"<p>Luis Enrique realiza gira por Ecuador; tiene \u201ccarisma, sencillez y humildad\u201d &#13; Miami, FL.- \u201cCarisma, sencillez y humildad\u201d, con esas palabras se refieren a Luis Enrique en la prensa ecuatoriana luego de su paso por Guayaquil presentando un multitudinario concierto que comparti\u00f3 con otro salsero de lujo: Rey Ruiz.&#13; \u00a0&#13; \u201cEl p\u00fablico ecuatoriano hace de [&hellip;]<\/p>\n","protected":false},"author":3,"featured_media":0,"comment_status":"open","ping_status":"open","sticky":false,"template":"","format":"standard","meta":{"footnotes":""},"categories":[25],"tags":[],"class_list":["post-92485","post","type-post","status-publish","format-standard","hentry","category-gente"],"_links":{"self":[{"href":"https:\/\/diariodominicano.com\/index.php?rest_route=\/wp\/v2\/posts\/92485","targetHints":{"allow":["GET"]}}],"collection":[{"href":"https:\/\/diariodominicano.com\/index.php?rest_route=\/wp\/v2\/posts"}],"about":[{"href":"https:\/\/diariodominicano.com\/index.php?rest_route=\/wp\/v2\/types\/post"}],"author":[{"embeddable":true,"href":"https:\/\/diariodominicano.com\/index.php?rest_route=\/wp\/v2\/users\/3"}],"replies":[{"embeddable":true,"href":"https:\/\/diariodominicano.com\/index.php?rest_route=%2Fwp%2Fv2%2Fcomments&post=92485"}],"version-history":[{"count":0,"href":"https:\/\/diariodominicano.com\/index.php?rest_route=\/wp\/v2\/posts\/92485\/revisions"}],"wp:attachment":[{"href":"https:\/\/diariodominicano.com\/index.php?rest_route=%2Fwp%2Fv2%2Fmedia&parent=92485"}],"wp:term":[{"taxonomy":"category","embeddable":true,"href":"https:\/\/diariodominicano.com\/index.php?rest_route=%2Fwp%2Fv2%2Fcategories&post=92485"},{"taxonomy":"post_tag","embeddable":true,"href":"https:\/\/diariodominicano.com\/index.php?rest_route=%2Fwp%2Fv2%2Ftags&post=92485"}],"curies":[{"name":"wp","href":"https:\/\/api.w.org\/{rel}","templated":true}]}}