{"id":92484,"date":"2008-08-19T16:01:39","date_gmt":"2008-08-19T16:01:39","guid":{"rendered":"http:\/\/diariodominicano.ddns.net\/?p=92484"},"modified":"2008-08-19T16:01:39","modified_gmt":"2008-08-19T16:01:39","slug":"pavel-nunez-debuta-en-el-coliseum-de-la-coruna-espana","status":"publish","type":"post","link":"https:\/\/diariodominicano.com\/?p=92484","title":{"rendered":"Pavel N\u00fa\u00f1ez debuta en el Coliseum de La Coru\u00f1a, Espa\u00f1a"},"content":{"rendered":"<p><body><\/p>\n<p align=\"justify\"><span class=\"titulogrande1\">Pavel N\u00fa\u00f1ez debuta en el  Coliseum de La Coru\u00f1a,  Espa\u00f1a<\/span><br \/>&#13;<br \/>\n\u00a0<br \/>&#13;<br \/>\n<span class=\"text1noticias\"><strong><img loading=\"lazy\" decoding=\"async\" src=\"http:\/\/localhost:8080\/gente\/img\/pavel nune.jpg\" width=\"375\" height=\"242\" hspace=\"4\" align=\"left\" \/>Santo Domingo.-<\/strong> Pavel N\u00fa\u00f1ez se enfrenta este mi\u00e9rcoles 20 de agosto a uno de sus  mayores retos art\u00edsticos y al inicio de su internacionalizaci\u00f3n, cuando se pare  frente a los siete mil asistentes que se esperan en el concierto \u00abLa Traves\u00eda Tour\u00bb  de Juan Lu\u00eds Guerra, en el Coliseum de La Coru\u00f1a, Espa\u00f1a.<br \/>&#13;<br \/>\n  \u00a0<br \/>&#13;<br \/>\n  Pautado para subir al  escenario a partir de las 22:30 de la noche (hora espa\u00f1ola) el int\u00e9rprete de  \u00abTe D\u00ed\u00bb dar\u00e1 inicio formal a la gira europea \u00abLa Traves\u00eda Tour\u00bb,  de Juan Lu\u00eds, el mayor ganador de premios Grammy Latino de todos los tiempos,  con una selecci\u00f3n de lo mejor en su repertorio.<br \/>&#13;<br \/>\n  \u00a0<br \/>&#13;<br \/>\n  Es por ello que los  preparativos que lleva a cabo son arduos ya que su presentaci\u00f3n podr\u00eda ser la  llave que abra el coraz\u00f3n de los espa\u00f1oles, dando inicio a una historia de  \u00e9xitos interminables.<br \/>&#13;<br \/>\n  \u00a0<br \/>&#13;<br \/>\n\u00abConf\u00edo que mi papel en La Traves\u00eda Tour ser\u00e1  adecuado y haremos todo lo posible para que esta participaci\u00f3n agregue valor a  la gira que Juan Lu\u00eds, a partir de esta noche, inicia por Europa\u00bb, declara  Pavel v\u00eda telef\u00f3nica desde su cuarto de hotel.<br \/>&#13;<br \/>\n  \u00a0<br \/>&#13;<br \/>\n  Doce localidades ha  confirmado Guerra para esta gira concitando la atenci\u00f3n de los medios de  comunicaci\u00f3n dado el arrastre que desde finales de los a\u00f1os 80 tiene Juan Lu\u00eds  en Espa\u00f1a.<br \/>&#13;<br \/>\n  \u00a0<br \/>&#13;<br \/>\n  Seg\u00fan se ha informado al  momento de producirse esta nota, de las siete mil personas que se esperan para  la noche del mi\u00e9rcoles ya se han vendido cinco mil quinientas boletas. Los  organizadores estiman que el resto de las entradas ser\u00e1n vendidas la noche del  concierto en el recinto donde tendr\u00e1 lugar el recital.<br \/>&#13;<br \/>\n  \u00a0<br \/>&#13;<br \/>\n  Por otro lado Pavel N\u00fa\u00f1ez se  siente muy satisfecho con el acuerdo al que arrib\u00f3 con la disquera dominicana  Antena Latina Music hace algunas semanas.<br \/>&#13;<br \/>\n  \u00a0<br \/>&#13;<br \/>\n  El mismo contempla la  realizaci\u00f3n de dos discos en un contrato de 3 a\u00f1os que le garantiza vigencia en  las radios locales e internacionales hasta el 2011.<br \/>&#13;<br \/>\n  \u00a0<br \/>&#13;<br \/>\nLa pr\u00f3xima producci\u00f3n del  int\u00e9rprete de \u00abPor Honor\u00bb es \u00abBig Band N\u00fa\u00f1ez, edici\u00f3n  especial\u00bb, un DVD y un CD integrado; y el tercer \u00e1lbum en estudio de N\u00fa\u00f1ez  titulado \u00abEl Tiempo del Viento\u00bb ser\u00e1 lanzado para el 2009.<\/span><\/p>\n<p>&#13;<\/p>\n<h6> 2008-08-19 16:01:39 <\/h6>\n<p><!--\n<link rel=\"stylesheet\" href=\"css\/bootstrap.min.css\">\n\n\n<ul class=\"pagination\">\n\t    \n\t\n\n<li >\n\t<a href='?page_no=21105'>Previous<\/a>\n\t<\/li>\n\n\n       \n    \n\n<li><a href='?page_no=1'>1<\/a><\/li>\n\n\n\n<li><a href='?page_no=2'>2<\/a><\/li>\n\n\n\n<li><a>...<\/a><\/li>\n\n\n\n<li><a href='?page_no=21104'>21104<\/a><\/li>\n\n\n\n<li><a href='?page_no=21105'>21105<\/a><\/li>\n\n\n\n<li class='active'><a>21106<\/a><\/li>\n\n\n\n<li><a href='?page_no=21107'>21107<\/a><\/li>\n\n\n\n<li><a href='?page_no=21108'>21108<\/a><\/li>\n\n\n\n<li><a>...<\/a><\/li>\n\n\n\n<li><a href='?page_no=22522'>22522<\/a><\/li>\n\n\n\n<li><a href='?page_no=22523'>22523<\/a><\/li>\n\n    \n\t\n\n<li >\n\t<a href='?page_no=21107'>Next<\/a>\n\t<\/li>\n\n\n    \n\n<li><a href='?page_no=22523'>Last &rsaquo;&rsaquo;<\/a><\/li>\n\n<\/ul>\n\n\n--><br \/>\n<\/body><\/p>\n","protected":false},"excerpt":{"rendered":"<p>Pavel N\u00fa\u00f1ez debuta en el Coliseum de La Coru\u00f1a, Espa\u00f1a&#13; \u00a0&#13; Santo Domingo.- Pavel N\u00fa\u00f1ez se enfrenta este mi\u00e9rcoles 20 de agosto a uno de sus mayores retos art\u00edsticos y al inicio de su internacionalizaci\u00f3n, cuando se pare frente a los siete mil asistentes que se esperan en el concierto \u00abLa Traves\u00eda Tour\u00bb de Juan [&hellip;]<\/p>\n","protected":false},"author":3,"featured_media":0,"comment_status":"open","ping_status":"open","sticky":false,"template":"","format":"standard","meta":{"footnotes":""},"categories":[25],"tags":[],"class_list":["post-92484","post","type-post","status-publish","format-standard","hentry","category-gente"],"_links":{"self":[{"href":"https:\/\/diariodominicano.com\/index.php?rest_route=\/wp\/v2\/posts\/92484","targetHints":{"allow":["GET"]}}],"collection":[{"href":"https:\/\/diariodominicano.com\/index.php?rest_route=\/wp\/v2\/posts"}],"about":[{"href":"https:\/\/diariodominicano.com\/index.php?rest_route=\/wp\/v2\/types\/post"}],"author":[{"embeddable":true,"href":"https:\/\/diariodominicano.com\/index.php?rest_route=\/wp\/v2\/users\/3"}],"replies":[{"embeddable":true,"href":"https:\/\/diariodominicano.com\/index.php?rest_route=%2Fwp%2Fv2%2Fcomments&post=92484"}],"version-history":[{"count":0,"href":"https:\/\/diariodominicano.com\/index.php?rest_route=\/wp\/v2\/posts\/92484\/revisions"}],"wp:attachment":[{"href":"https:\/\/diariodominicano.com\/index.php?rest_route=%2Fwp%2Fv2%2Fmedia&parent=92484"}],"wp:term":[{"taxonomy":"category","embeddable":true,"href":"https:\/\/diariodominicano.com\/index.php?rest_route=%2Fwp%2Fv2%2Fcategories&post=92484"},{"taxonomy":"post_tag","embeddable":true,"href":"https:\/\/diariodominicano.com\/index.php?rest_route=%2Fwp%2Fv2%2Ftags&post=92484"}],"curies":[{"name":"wp","href":"https:\/\/api.w.org\/{rel}","templated":true}]}}