{"id":92483,"date":"2008-08-19T17:52:22","date_gmt":"2008-08-19T17:52:22","guid":{"rendered":"http:\/\/diariodominicano.ddns.net\/?p=92483"},"modified":"2008-08-19T17:52:22","modified_gmt":"2008-08-19T17:52:22","slug":"wason-brazoban-formara-parte-de-la-fiesta-latina-del-shea-stadium","status":"publish","type":"post","link":"https:\/\/diariodominicano.com\/?p=92483","title":{"rendered":"Wason Brazob\u00e1n formar\u00e1 parte de la Fiesta Latina del Shea Stadium"},"content":{"rendered":"<p><body><\/p>\n<p align=\"justify\"><span class=\"titulogrande1\">Wason Brazob\u00e1n formar\u00e1 parte  de la Fiesta Latina  del Shea Stadium<\/span><br \/>&#13;<br \/>\n  \u00a0<br \/>&#13;<br \/>\n  <span class=\"text1noticias\"><strong><img loading=\"lazy\" decoding=\"async\" src=\"http:\/\/localhost:8080\/gente\/img\/wason shea.jpg\" width=\"375\" height=\"250\" hspace=\"4\" align=\"left\" \/>Miami, FL.- <\/strong>La nueva estrella de la m\u00fasica pop, el cantautor dominicano Wason  Brazob\u00e1n, ser\u00e1 uno de los protagonistas de la tradicional \u201cFiesta Latina\u201d que  se llevar\u00e1 a cabo el pr\u00f3ximo 22 de agosto en la casa de los Mets de New York,  el Shea Stadium.<br \/>&#13;<br \/>\n  \u00a0<br \/>&#13;<br \/>\n  El int\u00e9rprete actuar\u00e1 en  compa\u00f1\u00eda de la leyenda de la salsa, el puertorrique\u00f1o Tito Rojas, en una noche  especial que iniciar\u00e1 despu\u00e9s que concluya el partido entre los Mets de New  York y los Astros de Houston.<br \/>&#13;<br \/>\n  \u00a0<br \/>&#13;<br \/>\n  Como pre\u00e1mbulo a esta  importante cita, ambos artistas estar\u00e1n atendiendo las preguntas de los  periodistas en una conferencia telef\u00f3nica que se realizar\u00e1 hoy martes 19 de  agosto a partir de las 2:00 p.m.<br \/>&#13;<br \/>\n  \u00a0<br \/>&#13;<br \/>\n  Los periodistas interesados  pueden comunicarse al n\u00famero 877.694.4769 y utilizar el c\u00f3digo 61048868.<br \/>&#13;<br \/>\n  \u00a0<br \/>&#13;<br \/>\n  Wason Brazob\u00e1n fue ganador en  cinco ocasiones de la pasada edici\u00f3n de los Premios Casandra, m\u00e1ximo galard\u00f3n  al arte en la   Rep\u00fablica Dominicana, otorgado por los \u00e9xitos alcanzados con  su \u00e1lbum \u201cArmadura de Rosas\u201d, editado por Premium Latin Music, y los logros  internacionales de su sobresaliente cat\u00e1logo de \u00e9xitos.<br \/>&#13;<br \/>\n  \u00a0<br \/>&#13;<br \/>\n  Asimismo, ha actuado en  importantes escenarios como el Carnegie Hall y el United Palace en Nueva York,  y ciudades de Am\u00e9rica Latina y Estados Unidos.<br \/>&#13;<br \/>\n  \u00a0<br \/>&#13;<br \/>\nLos boletos para \u201cFiesta  Latina\u201d est\u00e1n a la venta en la p\u00e1gina electr\u00f3nica www.losmets.com como tambi\u00e9n  llamando al 718.507.8499 o en la boleter\u00eda del Shea Stadium.<\/span><\/p>\n<p>&#13;<\/p>\n<h6> 2008-08-19 17:52:22 <\/h6>\n<p><!--\n<link rel=\"stylesheet\" href=\"css\/bootstrap.min.css\">\n\n\n<ul class=\"pagination\">\n\t    \n\t\n\n<li >\n\t<a href='?page_no=21104'>Previous<\/a>\n\t<\/li>\n\n\n       \n    \n\n<li><a href='?page_no=1'>1<\/a><\/li>\n\n\n\n<li><a href='?page_no=2'>2<\/a><\/li>\n\n\n\n<li><a>...<\/a><\/li>\n\n\n\n<li><a href='?page_no=21103'>21103<\/a><\/li>\n\n\n\n<li><a href='?page_no=21104'>21104<\/a><\/li>\n\n\n\n<li class='active'><a>21105<\/a><\/li>\n\n\n\n<li><a href='?page_no=21106'>21106<\/a><\/li>\n\n\n\n<li><a href='?page_no=21107'>21107<\/a><\/li>\n\n\n\n<li><a>...<\/a><\/li>\n\n\n\n<li><a href='?page_no=22522'>22522<\/a><\/li>\n\n\n\n<li><a href='?page_no=22523'>22523<\/a><\/li>\n\n    \n\t\n\n<li >\n\t<a href='?page_no=21106'>Next<\/a>\n\t<\/li>\n\n\n    \n\n<li><a href='?page_no=22523'>Last &rsaquo;&rsaquo;<\/a><\/li>\n\n<\/ul>\n\n\n--><br \/>\n<\/body><\/p>\n","protected":false},"excerpt":{"rendered":"<p>Wason Brazob\u00e1n formar\u00e1 parte de la Fiesta Latina del Shea Stadium&#13; \u00a0&#13; Miami, FL.- La nueva estrella de la m\u00fasica pop, el cantautor dominicano Wason Brazob\u00e1n, ser\u00e1 uno de los protagonistas de la tradicional \u201cFiesta Latina\u201d que se llevar\u00e1 a cabo el pr\u00f3ximo 22 de agosto en la casa de los Mets de New York, [&hellip;]<\/p>\n","protected":false},"author":3,"featured_media":0,"comment_status":"open","ping_status":"open","sticky":false,"template":"","format":"standard","meta":{"footnotes":""},"categories":[25],"tags":[],"class_list":["post-92483","post","type-post","status-publish","format-standard","hentry","category-gente"],"_links":{"self":[{"href":"https:\/\/diariodominicano.com\/index.php?rest_route=\/wp\/v2\/posts\/92483","targetHints":{"allow":["GET"]}}],"collection":[{"href":"https:\/\/diariodominicano.com\/index.php?rest_route=\/wp\/v2\/posts"}],"about":[{"href":"https:\/\/diariodominicano.com\/index.php?rest_route=\/wp\/v2\/types\/post"}],"author":[{"embeddable":true,"href":"https:\/\/diariodominicano.com\/index.php?rest_route=\/wp\/v2\/users\/3"}],"replies":[{"embeddable":true,"href":"https:\/\/diariodominicano.com\/index.php?rest_route=%2Fwp%2Fv2%2Fcomments&post=92483"}],"version-history":[{"count":0,"href":"https:\/\/diariodominicano.com\/index.php?rest_route=\/wp\/v2\/posts\/92483\/revisions"}],"wp:attachment":[{"href":"https:\/\/diariodominicano.com\/index.php?rest_route=%2Fwp%2Fv2%2Fmedia&parent=92483"}],"wp:term":[{"taxonomy":"category","embeddable":true,"href":"https:\/\/diariodominicano.com\/index.php?rest_route=%2Fwp%2Fv2%2Fcategories&post=92483"},{"taxonomy":"post_tag","embeddable":true,"href":"https:\/\/diariodominicano.com\/index.php?rest_route=%2Fwp%2Fv2%2Ftags&post=92483"}],"curies":[{"name":"wp","href":"https:\/\/api.w.org\/{rel}","templated":true}]}}