{"id":92481,"date":"2008-08-19T20:18:01","date_gmt":"2008-08-19T20:18:01","guid":{"rendered":"http:\/\/diariodominicano.ddns.net\/?p=92481"},"modified":"2008-08-19T20:18:01","modified_gmt":"2008-08-19T20:18:01","slug":"todo-listo-para-el-encuentro-de-dos-grandes","status":"publish","type":"post","link":"https:\/\/diariodominicano.com\/?p=92481","title":{"rendered":"\u201cTodo listo para el Encuentro de dos Grandes\u201d"},"content":{"rendered":"<p><body><\/p>\n<p class=\"titulogrande1\"><strong>\u201cTodo  listo para el Encuentro de dos Grandes\u201d<\/strong><\/p>\n<p>&#13;<\/p>\n<p align=\"justify\" class=\"text1noticias\"><strong>Santo Domingo.-<\/strong> Este s\u00e1bado 23 de agosto el cantante  Mexicano Cristian Castro y el Salsero Puertorrique\u00f1o Gilberto Santa Rosa se  presentaran\u00a0 para \u00a0todos los Dominicanos en el gran escenario del  Palacio de los Deportes.<\/p>\n<p>&#13;<\/p>\n<p align=\"justify\" class=\"text1noticias\">El espect\u00e1culo llamado \u201cEncuentro entre dos Grandes\u201d,  promete entregar la nueva y excelente producci\u00f3n discogr\u00e1fica de Gilberto Santa  Rosa, mientras Cristian Castro nos permitir\u00e1 disfrutar de sus grandes \u00e9xitos  que fueron de mucho arrastre en el pa\u00eds ahora que el artista esta relanzando su  carrera art\u00edstica en toda Latinoam\u00e9rica.<\/p>\n<p>&#13;<\/p>\n<p align=\"justify\" class=\"text1noticias\">Este\u00a0 encuentro  que pondr\u00e1 a disfrutar a los seguidores de estos grandes contara con el  auspicio de la empresa\u00a0 de  telecomunicaciones VIVA, la cual a trav\u00e9s de este auspicio persigue llevar  entretenimiento al pueblo Dominicano y\u00a0  premiar la lealtad de sus clientes. Para esta ocasi\u00f3n ha desarrollado un  concurso de Minimensajes con todos sus usuarios para llevar a 10 ganadores con  sus acompa\u00f1antes a disfrutar de una noche <strong>VIVA<\/strong> con los grandes.<br \/>&#13;<br \/>\n  <br \/>&#13;<br \/>\nAdem\u00e1s de ofrecer las ventas de boletas con descuentos  a todos sus usuarios.<\/p>\n<p>&#13;<\/p>\n<p align=\"justify\" class=\"text1noticias\">Los\u00a0 ejecutivos  del evento manifestaron su satisfacci\u00f3n por los resultados en las ventas de  boletas y manifestaron su seguridad de que el pueblo Dominicano disfrutara de  un gran show repleto de sorpresas, buena m\u00fasica y efectos especiales.<\/p>\n<p>&#13;<\/p>\n<h6> 2008-08-19 20:18:01 <\/h6>\n<p><!--\n<link rel=\"stylesheet\" href=\"css\/bootstrap.min.css\">\n\n\n<ul class=\"pagination\">\n\t    \n\t\n\n<li >\n\t<a href='?page_no=21102'>Previous<\/a>\n\t<\/li>\n\n\n       \n    \n\n<li><a href='?page_no=1'>1<\/a><\/li>\n\n\n\n<li><a href='?page_no=2'>2<\/a><\/li>\n\n\n\n<li><a>...<\/a><\/li>\n\n\n\n<li><a href='?page_no=21101'>21101<\/a><\/li>\n\n\n\n<li><a href='?page_no=21102'>21102<\/a><\/li>\n\n\n\n<li class='active'><a>21103<\/a><\/li>\n\n\n\n<li><a href='?page_no=21104'>21104<\/a><\/li>\n\n\n\n<li><a href='?page_no=21105'>21105<\/a><\/li>\n\n\n\n<li><a>...<\/a><\/li>\n\n\n\n<li><a href='?page_no=22522'>22522<\/a><\/li>\n\n\n\n<li><a href='?page_no=22523'>22523<\/a><\/li>\n\n    \n\t\n\n<li >\n\t<a href='?page_no=21104'>Next<\/a>\n\t<\/li>\n\n\n    \n\n<li><a href='?page_no=22523'>Last &rsaquo;&rsaquo;<\/a><\/li>\n\n<\/ul>\n\n\n--><br \/>\n<\/body><\/p>\n","protected":false},"excerpt":{"rendered":"<p>\u201cTodo listo para el Encuentro de dos Grandes\u201d &#13; Santo Domingo.- Este s\u00e1bado 23 de agosto el cantante Mexicano Cristian Castro y el Salsero Puertorrique\u00f1o Gilberto Santa Rosa se presentaran\u00a0 para \u00a0todos los Dominicanos en el gran escenario del Palacio de los Deportes. &#13; El espect\u00e1culo llamado \u201cEncuentro entre dos Grandes\u201d, promete entregar la nueva [&hellip;]<\/p>\n","protected":false},"author":3,"featured_media":0,"comment_status":"open","ping_status":"open","sticky":false,"template":"","format":"standard","meta":{"footnotes":""},"categories":[25],"tags":[],"class_list":["post-92481","post","type-post","status-publish","format-standard","hentry","category-gente"],"_links":{"self":[{"href":"https:\/\/diariodominicano.com\/index.php?rest_route=\/wp\/v2\/posts\/92481","targetHints":{"allow":["GET"]}}],"collection":[{"href":"https:\/\/diariodominicano.com\/index.php?rest_route=\/wp\/v2\/posts"}],"about":[{"href":"https:\/\/diariodominicano.com\/index.php?rest_route=\/wp\/v2\/types\/post"}],"author":[{"embeddable":true,"href":"https:\/\/diariodominicano.com\/index.php?rest_route=\/wp\/v2\/users\/3"}],"replies":[{"embeddable":true,"href":"https:\/\/diariodominicano.com\/index.php?rest_route=%2Fwp%2Fv2%2Fcomments&post=92481"}],"version-history":[{"count":0,"href":"https:\/\/diariodominicano.com\/index.php?rest_route=\/wp\/v2\/posts\/92481\/revisions"}],"wp:attachment":[{"href":"https:\/\/diariodominicano.com\/index.php?rest_route=%2Fwp%2Fv2%2Fmedia&parent=92481"}],"wp:term":[{"taxonomy":"category","embeddable":true,"href":"https:\/\/diariodominicano.com\/index.php?rest_route=%2Fwp%2Fv2%2Fcategories&post=92481"},{"taxonomy":"post_tag","embeddable":true,"href":"https:\/\/diariodominicano.com\/index.php?rest_route=%2Fwp%2Fv2%2Ftags&post=92481"}],"curies":[{"name":"wp","href":"https:\/\/api.w.org\/{rel}","templated":true}]}}