{"id":92477,"date":"2008-08-20T21:07:34","date_gmt":"2008-08-20T21:07:34","guid":{"rendered":"http:\/\/diariodominicano.ddns.net\/?p=92477"},"modified":"2008-08-20T21:07:34","modified_gmt":"2008-08-20T21:07:34","slug":"fallece-leroi-moore-destacado-saxofonista-de-la-nueva-generacion-del-jazz","status":"publish","type":"post","link":"https:\/\/diariodominicano.com\/?p=92477","title":{"rendered":"Fallece LeRoi Moore, destacado saxofonista de la nueva generaci\u00f3n del jazz"},"content":{"rendered":"<p><body><\/p>\n<p class=\"titulogrande1\">Fallece LeRoi Moore, destacado  saxofonista de la nueva generaci\u00f3n del jazz<\/p>\n<p>&#13;<\/p>\n<p align=\"justify\" class=\"text1noticias\"><strong>WASHINGTON.-<\/strong> LeRoi Moore,  saxofonista y fundador de la banda Dave Matthews Band, falleci\u00f3 este mi\u00e9rcoles,  a los 46 a\u00f1os, a consecuencia de las heridas sufridas en un accidente el pasado  junio, seg\u00fan inform\u00f3 su agente, Ambrosia Healy.<\/p>\n<p>&#13;<\/p>\n<p align=\"justify\" class=\"text1noticias\">El m\u00fasico falleci\u00f3 esta tarde  en el Presbyterian Medical Center de Hollywood, en Los \u00c1ngeles, tras una  repentina complicaci\u00f3n.<\/p>\n<p>&#13;<\/p>\n<p align=\"justify\" class=\"text1noticias\">Moore fue hospitalizado a  finales de junio despu\u00e9s de sufrir un accidente en su finca en las afueras de  Charlottesville (Virginia), donde permaneci\u00f3 varios d\u00edas con pron\u00f3stico grave.  A causa del accidente sufri\u00f3 una perforaci\u00f3n de pulm\u00f3n y varias costillas  rotas, lo que le oblig\u00f3 a abandonar el resto de la gira de verano de la banda,  y tuvo que ser sustituido por B\u00e9la Fleck y Jeff Coffin, miembro de The  Flecktones.<\/p>\n<p>&#13;<\/p>\n<p align=\"justify\" class=\"text1noticias\">Moore ya hab\u00eda vuelto a Los  \u00c1ngeles, donde segu\u00eda un programa intensivo de rehabilitaci\u00f3n, pero un  repentino malestar le hizo volver al hospital.<\/p>\n<p>&#13;<\/p>\n<p align=\"justify\" class=\"text1noticias\">El saxofonista, nacido el 7  de septiembre de 1961 en Durham (Carolina del Norte) fund\u00f3 la banda en 1991  junto con el guitarrista y cantante sudafricano Dave Matthews, apostando por la  mezcla de sonidos folk, rock y jazz.<\/p>\n<p>&#13;<\/p>\n<p align=\"justify\" class=\"text1noticias\">Moore era un m\u00fasico  polifac\u00e9tico que le gustaba participar en sesiones de improvisaci\u00f3n en las que  mostraba sus dotes con los distintos tipos de saxof\u00f3n (bajo, bar\u00edtono, tenor,  alto y soprano), as\u00ed como la flauta y el clarinete bajo.<\/p>\n<p>&#13;<\/p>\n<p align=\"justify\" class=\"text1noticias\">Seg\u00fan la web oficial de la Dave Matthews Band,  la principal influencia de Moore, que recibi\u00f3 primero una formaci\u00f3n cl\u00e1sica,  fue el jazz.<\/p>\n<p>&#13;<\/p>\n<h6> 2008-08-20 21:07:34 <\/h6>\n<p><!--\n<link rel=\"stylesheet\" href=\"css\/bootstrap.min.css\">\n\n\n<ul class=\"pagination\">\n\t    \n\t\n\n<li >\n\t<a href='?page_no=21098'>Previous<\/a>\n\t<\/li>\n\n\n       \n    \n\n<li><a href='?page_no=1'>1<\/a><\/li>\n\n\n\n<li><a href='?page_no=2'>2<\/a><\/li>\n\n\n\n<li><a>...<\/a><\/li>\n\n\n\n<li><a href='?page_no=21097'>21097<\/a><\/li>\n\n\n\n<li><a href='?page_no=21098'>21098<\/a><\/li>\n\n\n\n<li class='active'><a>21099<\/a><\/li>\n\n\n\n<li><a href='?page_no=21100'>21100<\/a><\/li>\n\n\n\n<li><a href='?page_no=21101'>21101<\/a><\/li>\n\n\n\n<li><a>...<\/a><\/li>\n\n\n\n<li><a href='?page_no=22522'>22522<\/a><\/li>\n\n\n\n<li><a href='?page_no=22523'>22523<\/a><\/li>\n\n    \n\t\n\n<li >\n\t<a href='?page_no=21100'>Next<\/a>\n\t<\/li>\n\n\n    \n\n<li><a href='?page_no=22523'>Last &rsaquo;&rsaquo;<\/a><\/li>\n\n<\/ul>\n\n\n--><br \/>\n<\/body><\/p>\n","protected":false},"excerpt":{"rendered":"<p>Fallece LeRoi Moore, destacado saxofonista de la nueva generaci\u00f3n del jazz &#13; WASHINGTON.- LeRoi Moore, saxofonista y fundador de la banda Dave Matthews Band, falleci\u00f3 este mi\u00e9rcoles, a los 46 a\u00f1os, a consecuencia de las heridas sufridas en un accidente el pasado junio, seg\u00fan inform\u00f3 su agente, Ambrosia Healy. &#13; El m\u00fasico falleci\u00f3 esta tarde [&hellip;]<\/p>\n","protected":false},"author":3,"featured_media":0,"comment_status":"open","ping_status":"open","sticky":false,"template":"","format":"standard","meta":{"footnotes":""},"categories":[25],"tags":[],"class_list":["post-92477","post","type-post","status-publish","format-standard","hentry","category-gente"],"_links":{"self":[{"href":"https:\/\/diariodominicano.com\/index.php?rest_route=\/wp\/v2\/posts\/92477","targetHints":{"allow":["GET"]}}],"collection":[{"href":"https:\/\/diariodominicano.com\/index.php?rest_route=\/wp\/v2\/posts"}],"about":[{"href":"https:\/\/diariodominicano.com\/index.php?rest_route=\/wp\/v2\/types\/post"}],"author":[{"embeddable":true,"href":"https:\/\/diariodominicano.com\/index.php?rest_route=\/wp\/v2\/users\/3"}],"replies":[{"embeddable":true,"href":"https:\/\/diariodominicano.com\/index.php?rest_route=%2Fwp%2Fv2%2Fcomments&post=92477"}],"version-history":[{"count":0,"href":"https:\/\/diariodominicano.com\/index.php?rest_route=\/wp\/v2\/posts\/92477\/revisions"}],"wp:attachment":[{"href":"https:\/\/diariodominicano.com\/index.php?rest_route=%2Fwp%2Fv2%2Fmedia&parent=92477"}],"wp:term":[{"taxonomy":"category","embeddable":true,"href":"https:\/\/diariodominicano.com\/index.php?rest_route=%2Fwp%2Fv2%2Fcategories&post=92477"},{"taxonomy":"post_tag","embeddable":true,"href":"https:\/\/diariodominicano.com\/index.php?rest_route=%2Fwp%2Fv2%2Ftags&post=92477"}],"curies":[{"name":"wp","href":"https:\/\/api.w.org\/{rel}","templated":true}]}}