{"id":92476,"date":"2008-08-20T22:58:42","date_gmt":"2008-08-20T22:58:42","guid":{"rendered":"http:\/\/diariodominicano.ddns.net\/?p=92476"},"modified":"2008-08-20T22:58:42","modified_gmt":"2008-08-20T22:58:42","slug":"felix-cabrera-afirma-show-de-aventura-sera-memorable","status":"publish","type":"post","link":"https:\/\/diariodominicano.com\/?p=92476","title":{"rendered":"F\u00e9lix Cabrera afirma show de Aventura ser\u00e1 memorable"},"content":{"rendered":"<p><body><\/p>\n<p class=\"titulogrande1\"><strong>F\u00e9lix Cabrera afirma show de Aventura  ser\u00e1 memorable<\/strong><\/p>\n<p>&#13;<\/p>\n<p align=\"justify\" class=\"text1noticias\"><strong><img loading=\"lazy\" decoding=\"async\" src=\"http:\/\/localhost:8080\/gente\/img\/productor cabre.jpg\" width=\"375\" height=\"929\" hspace=\"4\" align=\"left\" \/>Rep Dom.- <\/strong>F\u00e9lix  Cabrera asegur\u00f3 que la presentaci\u00f3n de Aventura en la arena del Cibao \u201cDr. Oscar  Gobaira\u201d de Santiago, ser\u00e1 memorable y que el hecho que las funciones del 29 y  30 de agosto en ese aforo hayan concitado el gran inter\u00e9s de los seguidores del  multipremiado grupo evidencia.<br \/>&#13;<br \/>\n  <br \/>&#13;<br \/>\n  Ya  es sabido que debido a la gran demanda hubo que habilitar una nueva fecha para  otro show. <br \/>&#13;<br \/>\n  <br \/>&#13;<br \/>\n  Cabrera  es el productor general de los conciertos que en el pa\u00eds ofrecer\u00e1 el famoso  conjunto de bachata que ha revolucionado el g\u00e9nero musical y lo ha llevado a  lugares antes insospechados para el mismo. <br \/>&#13;<br \/>\n  <br \/>&#13;<br \/>\n  \u201cEstoy  sumamente feliz con el fervor que ha despertado en el p\u00fablico estas actuaciones  del grupo Aventura en Rep\u00fablica Dominicana\u201d, dijo el empresario art\u00edstico que  radica en la ciudad de\u00a0 Nueva York desde  hace mas de veinte anos y donde ha llevado a cabo una labor exitosa en el  negocio del espect\u00e1culo.<br \/>&#13;<br \/>\n  <br \/>&#13;<br \/>\n  Aunque  ha tenido oportunidades de producir algunos shows importantes en el pa\u00eds, dijo  que esperaba el momento oportuno\u00a0 para  montar aqu\u00ed espect\u00e1culos de gran nivel y la espera, de acuerdo a sus palabras,  ha valido la pena.<br \/>&#13;<br \/>\n  <br \/>&#13;<br \/>\n  Al  de \u201cAventura\u201d, le suceder\u00e1n otros montajes con artistas de renombre internacional  tal y como lo ha hecho en Estados Unidos, donde ha regenteado las  presentaciones de importantes figuras de la m\u00fasica en los escenarios de mayor  exigencia. <br \/>&#13;<br \/>\n  <br \/>&#13;<br \/>\n  Pero  Cabrera no obvia el talento dominicano, adem\u00e1s de ser Aventura un ejemplo de  ello,\u00a0 en Nueva York y otras ciudades  estadounidenses ha hecho importantes aportes al merengue y la bachata con los  espect\u00e1culos que ha producido all\u00ed a base de los m\u00e1s populares artistas de  estos ritmos. <br \/>&#13;<br \/>\n  <br \/>&#13;<br \/>\n  Asimismo,  F\u00e9lix Cabrera tiene el m\u00e9rito de devolverle la estelaridad en materia  discogr\u00e1fica a Fernando Villalona con aquel costoso \u00e1lbum \u201cMal acostumbrado\u201d, \u00a0para el que requiri\u00f3 importantes productores  como Emilio Estefan y que logr\u00f3 nominaciones incluso en los Grammy americanos. <br \/>&#13;<br \/>\n  <br \/>&#13;<br \/>\n  En Santo Domingo dicho disco gan\u00f3 varios premios Casandra y contribuy\u00f3 a  empujar el gran galard\u00f3n \u201cEl Soberano\u201d para el popular merenguero.<br \/>&#13;<br \/>\n  <br \/>&#13;<br \/>\n  Ahora F\u00e9lix, tras m\u00e1s de dos d\u00e9cadas de sentar buenas bases en la urbe  neoyorquina, ha decidido conquistar el mercado de su propio pa\u00eds y vaya de qu\u00e9  manera con dos conciertos, del archifamoso grupo Aventura, en uno de los  escenarios m\u00e1s espectaculares, la nueva Arena del Cibao.<br \/>&#13;\n<\/p>\n<p>&#13;<\/p>\n<h6> 2008-08-20 22:58:42 <\/h6>\n<p><!--\n<link rel=\"stylesheet\" href=\"css\/bootstrap.min.css\">\n\n\n<ul class=\"pagination\">\n\t    \n\t\n\n<li >\n\t<a href='?page_no=21097'>Previous<\/a>\n\t<\/li>\n\n\n       \n    \n\n<li><a href='?page_no=1'>1<\/a><\/li>\n\n\n\n<li><a href='?page_no=2'>2<\/a><\/li>\n\n\n\n<li><a>...<\/a><\/li>\n\n\n\n<li><a href='?page_no=21096'>21096<\/a><\/li>\n\n\n\n<li><a href='?page_no=21097'>21097<\/a><\/li>\n\n\n\n<li class='active'><a>21098<\/a><\/li>\n\n\n\n<li><a href='?page_no=21099'>21099<\/a><\/li>\n\n\n\n<li><a href='?page_no=21100'>21100<\/a><\/li>\n\n\n\n<li><a>...<\/a><\/li>\n\n\n\n<li><a href='?page_no=22522'>22522<\/a><\/li>\n\n\n\n<li><a href='?page_no=22523'>22523<\/a><\/li>\n\n    \n\t\n\n<li >\n\t<a href='?page_no=21099'>Next<\/a>\n\t<\/li>\n\n\n    \n\n<li><a href='?page_no=22523'>Last &rsaquo;&rsaquo;<\/a><\/li>\n\n<\/ul>\n\n\n--><br \/>\n<\/body><\/p>\n","protected":false},"excerpt":{"rendered":"<p>F\u00e9lix Cabrera afirma show de Aventura ser\u00e1 memorable &#13; Rep Dom.- F\u00e9lix Cabrera asegur\u00f3 que la presentaci\u00f3n de Aventura en la arena del Cibao \u201cDr. Oscar Gobaira\u201d de Santiago, ser\u00e1 memorable y que el hecho que las funciones del 29 y 30 de agosto en ese aforo hayan concitado el gran inter\u00e9s de los seguidores [&hellip;]<\/p>\n","protected":false},"author":3,"featured_media":0,"comment_status":"open","ping_status":"open","sticky":false,"template":"","format":"standard","meta":{"footnotes":""},"categories":[25],"tags":[],"class_list":["post-92476","post","type-post","status-publish","format-standard","hentry","category-gente"],"_links":{"self":[{"href":"https:\/\/diariodominicano.com\/index.php?rest_route=\/wp\/v2\/posts\/92476","targetHints":{"allow":["GET"]}}],"collection":[{"href":"https:\/\/diariodominicano.com\/index.php?rest_route=\/wp\/v2\/posts"}],"about":[{"href":"https:\/\/diariodominicano.com\/index.php?rest_route=\/wp\/v2\/types\/post"}],"author":[{"embeddable":true,"href":"https:\/\/diariodominicano.com\/index.php?rest_route=\/wp\/v2\/users\/3"}],"replies":[{"embeddable":true,"href":"https:\/\/diariodominicano.com\/index.php?rest_route=%2Fwp%2Fv2%2Fcomments&post=92476"}],"version-history":[{"count":0,"href":"https:\/\/diariodominicano.com\/index.php?rest_route=\/wp\/v2\/posts\/92476\/revisions"}],"wp:attachment":[{"href":"https:\/\/diariodominicano.com\/index.php?rest_route=%2Fwp%2Fv2%2Fmedia&parent=92476"}],"wp:term":[{"taxonomy":"category","embeddable":true,"href":"https:\/\/diariodominicano.com\/index.php?rest_route=%2Fwp%2Fv2%2Fcategories&post=92476"},{"taxonomy":"post_tag","embeddable":true,"href":"https:\/\/diariodominicano.com\/index.php?rest_route=%2Fwp%2Fv2%2Ftags&post=92476"}],"curies":[{"name":"wp","href":"https:\/\/api.w.org\/{rel}","templated":true}]}}