{"id":92472,"date":"2008-08-21T19:52:38","date_gmt":"2008-08-21T19:52:38","guid":{"rendered":"http:\/\/diariodominicano.ddns.net\/?p=92472"},"modified":"2008-08-21T19:52:38","modified_gmt":"2008-08-21T19:52:38","slug":"realizaran-tercera-edicion-del-punta-cana-bavaro-jazz-festival-2008","status":"publish","type":"post","link":"https:\/\/diariodominicano.com\/?p=92472","title":{"rendered":"Realizar\u00e1n Tercera Edici\u00f3n del Punta Cana- B\u00e1varo Jazz Festival 2008"},"content":{"rendered":"<p><body><\/p>\n<p><span class=\"text1noticias\"><em>29 y 30 de agosto<\/em><\/span><em><br \/>&#13;<br \/>\n  <\/em> <br \/>&#13;<br \/>\n<strong class=\"titulogrande1\">Realizar\u00e1n  Tercera Edici\u00f3n del Punta Cana- B\u00e1varo Jazz Festival 2008<\/strong><\/p>\n<p>&#13;<\/p>\n<p align=\"justify\"><span class=\"text1noticias\"><strong><img loading=\"lazy\" decoding=\"async\" src=\"http:\/\/localhost:8080\/gente\/img\/cana jazz.jpg\" width=\"375\" height=\"861\" hspace=\"4\" align=\"left\" \/>Santo Domingo.- <\/strong>El  Cluster Tur\u00edstico de la Provincia La Altagracia y bajo la producci\u00f3n de Jorge  Est\u00e9vez, anunciaron la celebraci\u00f3n de la tercera Edici\u00f3n del <strong>Punta Cana- B\u00e1varo Jazz Festival 2008<\/strong>,  que ser\u00e1 celebrado durante los d\u00edas 29 y 30 de agosto en el parque tem\u00e1tico, IMAGINE,  ubicado en la zona de Punta Cana-B\u00e1varo.<br \/>&#13;<br \/>\n\u00a0\u00a0\u00a0\u00a0\u00a0\u00a0\u00a0\u00a0\u00a0\u00a0\u00a0 <br \/>&#13;<br \/>\n Ernesto  Vel\u00f3z, presidente del Cluster Tur\u00edstico de la Provincia La Altagracia, Afirm\u00f3,  \u201cque el festival tendr\u00e1 en escena a los  mejores exponentes del Jazz local e internacional durante dos noches  inolvidables y agradeci\u00f3 el c\u00e1lido respaldo que la prensa ha dado a este evento  que pone a la regi\u00f3n y al pa\u00eds en la ruta de los amantes del jazz\u201d.<br \/>&#13;<br \/>\n<br \/>&#13;<br \/>\n Seg\u00fan Jorge Est\u00e9vez, productor del  evento este a\u00f1o, el\u00a0 Punta Cana-B\u00e1varo  Jazz Festival 2008 iniciar\u00e1 sus conciertos en la Playa durante el d\u00eda, para  preparar el ambiente de cada noche en la hermosa Cueva Natural del parque  tem\u00e1tico IMAGINE, donde se presentaran los grupos invitados en el escenario  principal del festival y sus ejecutivos.<br \/>&#13;<br \/>\n <br \/>&#13;<br \/>\n \u201cEste a\u00f1o el festival contar\u00e1 con el gran m\u00fasico  de escala internacional, N\u00e9stor Torres, quien presentar\u00e1 un show muy especial,  para compartir con sus amigos m\u00fasicos dominicanos, adem\u00e1s la participaci\u00f3n  estelar del Cuarteto R\u00edtmico de Caracas, Venezuela, Rafelito Mirabal &amp;  sistema Temperado y una selecci\u00f3n de los mejores m\u00fasicos dignos representantes  nacionales, entre ellos la Santo Domingo Big Band\u201d, dijo Est\u00e9vez. <br \/>&#13;<br \/>\n<br \/>&#13;<br \/>\nAdem\u00e1s afirm\u00f3 que  a partir de este a\u00f1o su visi\u00f3n es la de posicionar el festival entre los m\u00e1s  importantes a nivel internacional y el principal de todo el Caribe y  Centroam\u00e9rica.<\/span><\/p>\n<p>&#13;<\/p>\n<p align=\"justify\" class=\"text1noticias\"><strong><u>Dedicatoria  especial<\/u><\/strong><br \/>&#13;<br \/>\n  <br \/>&#13;<br \/>\n Cada  a\u00f1o los organizadores del festival realizan una dedicatoria especial del magno  evento a una celebridad art\u00edstica por sus m\u00e9ritos y trayectoria dentro o fuera  del g\u00e9nero musical. Este a\u00f1o ser\u00e1 dedicado al destacado m\u00fasico dominicano F\u00e9lix  Del Rosario, quien a su vez, manifest\u00f3 con mucho agrado y estimulo dicha  distinci\u00f3n.<\/p>\n<p>&#13;<\/p>\n<p align=\"justify\" class=\"text1noticias\"> Los organizadores del evento,  agradecieron a todos los patrocinadores que han hecho posible este a\u00f1o la  realizaci\u00f3n del evento, especialmente destacaron la colaboraci\u00f3n del GRUPO  PUNTACANA, as\u00ed como elogiaron a los ejecutivos del parque IMAGINE por su  extensa entrega para permitir la realizaci\u00f3n de este evento en un lugar  definido como ex\u00f3tico y \u00fanico, a los l\u00edderes de grupos participantes y a todo  el personal de apoyo del festival que ha hecho una ardua labor para que se  pueda realizar el evento con todos los est\u00e1ndares que requiere el mismo. <br \/>&#13;<br \/>\n  <br \/>&#13;<br \/>\n Tambi\u00e9n  agradecieron a todas las autoridades de la zona de Punta Cana-B\u00e1varo, por la  colaboraci\u00f3n que han brindado para la log\u00edstica y organizaci\u00f3n de este evento,  en especial a la Alcaldesa Sra. Mar\u00eda V\u00e1squez, del municipio Punta Cana-Ver\u00f3n,  a La Polic\u00eda Tur\u00edstica (Politur), Defensa Civil y otras entidades que son  fundamentales para lograr la exitosa organizaci\u00f3n que presenta el festival  anualmente.<br \/>&#13;<br \/>\n <br \/>&#13;<br \/>\n Los  patrocinadores del evento son: GRUPO PUNTACANA, Club Caribe, Amstar, Pinturas  Tropical, Alt Tours, AC Delco, Jazz En Dominicana, Playa Tours &amp; Travel, Hurac\u00e1n  Caf\u00e9, Birdie Time Caf\u00e9, Programas Besos y Abrazos, Programa M\u00fasica a las 12 de  Don Tut\u00edn Beras-Goico, Kutty Reyes Taller Gr\u00e1fico, entre otros.<\/p>\n<p>&#13;<\/p>\n<p align=\"justify\" class=\"text1noticias\"><strong><u>Las boletas<\/u><\/strong> <br \/>&#13;<br \/>\n  <br \/>&#13;<br \/>\n Para  mayor facilidad de los asistentes, estar\u00e1n a la venta boletas especiales que  podr\u00e1n ser utilizadas para ambos d\u00edas del evento, por un precio sumamente  asequible de RD$ 1,000.00 y RD$ 2,000.00 pesos est\u00e1ndar y VIP respectivamente. <br \/>&#13;<br \/>\n <br \/>&#13;<br \/>\n El  precio original de las boletas es de RD$ 700.00 est\u00e1ndar y RD$ 1,200.00 VIP.<\/p>\n<p>&#13;<\/p>\n<p align=\"justify\" class=\"text1noticias\"><strong><u>Sobre  el festival<\/u><\/strong><br \/>&#13;<br \/>\n    <br \/>&#13;<br \/>\n  Durante  las pasadas ediciones, el festival ha contado con la actuaci\u00f3n de grandes  m\u00fasicos internacionales entre los que se encuentran: el destacado pianista  cubano Ern\u00e1n L\u00f3pez Nussa; Maurice Brown, considerado como el mejor trompetista  joven del Este de los Estados Unidos y ganador de la competencia de  trompetistas Miles Davis; Ricardo Lacuan Quintet  desde el Brasil, entre estos m\u00fasicos, estuvo presente en la pasada  entrega, el afamado baterista Joao Viana, hijo del grande del Brasil D\u2019Javan; y  de nuestro pa\u00eds, han desfilado una seria de grupos de primer orden, entre los  que se mencionan Rafelito Mirabal y su grupo Sistema Temperado, Sandy Gabriel, Crispin Fern\u00e1ndez, Pen Bian Sang y la Santo Domingo Jazz Big Band, esta \u00faltima conformada por 18 de nuestros  mejores m\u00fasicos del pa\u00eds.<\/p>\n<p>&#13;<\/p>\n<h6> 2008-08-21 19:52:38 <\/h6>\n<p><!--\n<link rel=\"stylesheet\" href=\"css\/bootstrap.min.css\">\n\n\n<ul class=\"pagination\">\n\t    \n\t\n\n<li >\n\t<a href='?page_no=21093'>Previous<\/a>\n\t<\/li>\n\n\n       \n    \n\n<li><a href='?page_no=1'>1<\/a><\/li>\n\n\n\n<li><a href='?page_no=2'>2<\/a><\/li>\n\n\n\n<li><a>...<\/a><\/li>\n\n\n\n<li><a href='?page_no=21092'>21092<\/a><\/li>\n\n\n\n<li><a href='?page_no=21093'>21093<\/a><\/li>\n\n\n\n<li class='active'><a>21094<\/a><\/li>\n\n\n\n<li><a href='?page_no=21095'>21095<\/a><\/li>\n\n\n\n<li><a href='?page_no=21096'>21096<\/a><\/li>\n\n\n\n<li><a>...<\/a><\/li>\n\n\n\n<li><a href='?page_no=22522'>22522<\/a><\/li>\n\n\n\n<li><a href='?page_no=22523'>22523<\/a><\/li>\n\n    \n\t\n\n<li >\n\t<a href='?page_no=21095'>Next<\/a>\n\t<\/li>\n\n\n    \n\n<li><a href='?page_no=22523'>Last &rsaquo;&rsaquo;<\/a><\/li>\n\n<\/ul>\n\n\n--><br \/>\n<\/body><\/p>\n","protected":false},"excerpt":{"rendered":"<p>29 y 30 de agosto&#13; &#13; Realizar\u00e1n Tercera Edici\u00f3n del Punta Cana- B\u00e1varo Jazz Festival 2008 &#13; Santo Domingo.- El Cluster Tur\u00edstico de la Provincia La Altagracia y bajo la producci\u00f3n de Jorge Est\u00e9vez, anunciaron la celebraci\u00f3n de la tercera Edici\u00f3n del Punta Cana- B\u00e1varo Jazz Festival 2008, que ser\u00e1 celebrado durante los d\u00edas 29 [&hellip;]<\/p>\n","protected":false},"author":3,"featured_media":0,"comment_status":"open","ping_status":"open","sticky":false,"template":"","format":"standard","meta":{"footnotes":""},"categories":[25],"tags":[],"class_list":["post-92472","post","type-post","status-publish","format-standard","hentry","category-gente"],"_links":{"self":[{"href":"https:\/\/diariodominicano.com\/index.php?rest_route=\/wp\/v2\/posts\/92472","targetHints":{"allow":["GET"]}}],"collection":[{"href":"https:\/\/diariodominicano.com\/index.php?rest_route=\/wp\/v2\/posts"}],"about":[{"href":"https:\/\/diariodominicano.com\/index.php?rest_route=\/wp\/v2\/types\/post"}],"author":[{"embeddable":true,"href":"https:\/\/diariodominicano.com\/index.php?rest_route=\/wp\/v2\/users\/3"}],"replies":[{"embeddable":true,"href":"https:\/\/diariodominicano.com\/index.php?rest_route=%2Fwp%2Fv2%2Fcomments&post=92472"}],"version-history":[{"count":0,"href":"https:\/\/diariodominicano.com\/index.php?rest_route=\/wp\/v2\/posts\/92472\/revisions"}],"wp:attachment":[{"href":"https:\/\/diariodominicano.com\/index.php?rest_route=%2Fwp%2Fv2%2Fmedia&parent=92472"}],"wp:term":[{"taxonomy":"category","embeddable":true,"href":"https:\/\/diariodominicano.com\/index.php?rest_route=%2Fwp%2Fv2%2Fcategories&post=92472"},{"taxonomy":"post_tag","embeddable":true,"href":"https:\/\/diariodominicano.com\/index.php?rest_route=%2Fwp%2Fv2%2Ftags&post=92472"}],"curies":[{"name":"wp","href":"https:\/\/api.w.org\/{rel}","templated":true}]}}