{"id":92471,"date":"2008-08-21T21:26:17","date_gmt":"2008-08-21T21:26:17","guid":{"rendered":"http:\/\/diariodominicano.ddns.net\/?p=92471"},"modified":"2008-08-21T21:26:17","modified_gmt":"2008-08-21T21:26:17","slug":"audi-apoya-el-arte-y-la-cultura","status":"publish","type":"post","link":"https:\/\/diariodominicano.com\/?p=92471","title":{"rendered":"Audi apoya el arte y la cultura"},"content":{"rendered":"<p><body><\/p>\n<p class=\"titulogrande1\">Audi apoya el arte y la cultura<\/p>\n<p>&#13;<\/p>\n<p align=\"justify\"><span class=\"text1noticias\"><strong><img loading=\"lazy\" decoding=\"async\" src=\"http:\/\/localhost:8080\/gente\/img\/audi concierto.jpg\" width=\"375\" height=\"500\" hspace=\"4\" align=\"left\" \/>Santo Domingo.-<\/strong> El gerente de veh\u00edculos Audi en el pa\u00eds, que distribuye la empresa Avelino  Abreu, dijo que el compromiso de esta marca con el arte es muy importante, por  lo que dispuso estos veh\u00edculos al servicio del maestro Jos\u00e9 Antonio Molina y  los solistas que participaron en el concierto \u201cTodo Beethoven\u201d, en ocasi\u00f3n del Trig\u00e9simo Quinto Aniversario del Teatro Nacional Eduardo  Brito.<\/span><\/p>\n<p>&#13;<\/p>\n<p align=\"justify\" class=\"text1noticias\">Benjam\u00edn Paiewonsky indic\u00f3 que \u00e9sta es la segunda ocasi\u00f3n que esta empresa  facilita el transporte al maestro Molina. <\/p>\n<p>&#13;<\/p>\n<p align=\"justify\" class=\"text1noticias\">Inform\u00f3 que adem\u00e1s del director musical dominicano, Audi dispuso del transporte  de los artistas internacionales invitados: Yalimarie Williams, soprano; Dan  Zinder, tenor; Leslie Mutchler, mezzo-soprano y Stephen Morschek, bajo  bar\u00edtono.<\/p>\n<p>&#13;<\/p>\n<p align=\"justify\" class=\"text1noticias\">Durante la noche del evento, en la parte exterior del Teatro Nacional se coloc\u00f3  una exhibici\u00f3n de veh\u00edculos Audi, la cual fue apreciada por un selecto p\u00fablico  que asisti\u00f3 al concierto.<\/p>\n<p>&#13;<\/p>\n<p align=\"justify\" class=\"text1noticias\">Asimismo, la empresa Avelino Abreu ofert\u00f3 a sus clientes Audi un espacio VIP de  aparcamiento, con servicio valet parking y estacionamiento estrat\u00e9gico.<\/p>\n<p>&#13;<\/p>\n<p align=\"justify\" class=\"text1noticias\">El licenciado Paiewonsky reiter\u00f3 el inter\u00e9s de esta empresa de contribuir con  la cultura y el arte nacional, a trav\u00e9s de patrocinios y otras actividades  similares.<\/p>\n<p>&#13;<\/p>\n<h6> 2008-08-21 21:26:17 <\/h6>\n<p><!--\n<link rel=\"stylesheet\" href=\"css\/bootstrap.min.css\">\n\n\n<ul class=\"pagination\">\n\t    \n\t\n\n<li >\n\t<a href='?page_no=21092'>Previous<\/a>\n\t<\/li>\n\n\n       \n    \n\n<li><a href='?page_no=1'>1<\/a><\/li>\n\n\n\n<li><a href='?page_no=2'>2<\/a><\/li>\n\n\n\n<li><a>...<\/a><\/li>\n\n\n\n<li><a href='?page_no=21091'>21091<\/a><\/li>\n\n\n\n<li><a href='?page_no=21092'>21092<\/a><\/li>\n\n\n\n<li class='active'><a>21093<\/a><\/li>\n\n\n\n<li><a href='?page_no=21094'>21094<\/a><\/li>\n\n\n\n<li><a href='?page_no=21095'>21095<\/a><\/li>\n\n\n\n<li><a>...<\/a><\/li>\n\n\n\n<li><a href='?page_no=22522'>22522<\/a><\/li>\n\n\n\n<li><a href='?page_no=22523'>22523<\/a><\/li>\n\n    \n\t\n\n<li >\n\t<a href='?page_no=21094'>Next<\/a>\n\t<\/li>\n\n\n    \n\n<li><a href='?page_no=22523'>Last &rsaquo;&rsaquo;<\/a><\/li>\n\n<\/ul>\n\n\n--><br \/>\n<\/body><\/p>\n","protected":false},"excerpt":{"rendered":"<p>Audi apoya el arte y la cultura &#13; Santo Domingo.- El gerente de veh\u00edculos Audi en el pa\u00eds, que distribuye la empresa Avelino Abreu, dijo que el compromiso de esta marca con el arte es muy importante, por lo que dispuso estos veh\u00edculos al servicio del maestro Jos\u00e9 Antonio Molina y los solistas que participaron [&hellip;]<\/p>\n","protected":false},"author":3,"featured_media":0,"comment_status":"open","ping_status":"open","sticky":false,"template":"","format":"standard","meta":{"footnotes":""},"categories":[25],"tags":[],"class_list":["post-92471","post","type-post","status-publish","format-standard","hentry","category-gente"],"_links":{"self":[{"href":"https:\/\/diariodominicano.com\/index.php?rest_route=\/wp\/v2\/posts\/92471","targetHints":{"allow":["GET"]}}],"collection":[{"href":"https:\/\/diariodominicano.com\/index.php?rest_route=\/wp\/v2\/posts"}],"about":[{"href":"https:\/\/diariodominicano.com\/index.php?rest_route=\/wp\/v2\/types\/post"}],"author":[{"embeddable":true,"href":"https:\/\/diariodominicano.com\/index.php?rest_route=\/wp\/v2\/users\/3"}],"replies":[{"embeddable":true,"href":"https:\/\/diariodominicano.com\/index.php?rest_route=%2Fwp%2Fv2%2Fcomments&post=92471"}],"version-history":[{"count":0,"href":"https:\/\/diariodominicano.com\/index.php?rest_route=\/wp\/v2\/posts\/92471\/revisions"}],"wp:attachment":[{"href":"https:\/\/diariodominicano.com\/index.php?rest_route=%2Fwp%2Fv2%2Fmedia&parent=92471"}],"wp:term":[{"taxonomy":"category","embeddable":true,"href":"https:\/\/diariodominicano.com\/index.php?rest_route=%2Fwp%2Fv2%2Fcategories&post=92471"},{"taxonomy":"post_tag","embeddable":true,"href":"https:\/\/diariodominicano.com\/index.php?rest_route=%2Fwp%2Fv2%2Ftags&post=92471"}],"curies":[{"name":"wp","href":"https:\/\/api.w.org\/{rel}","templated":true}]}}