{"id":92470,"date":"2008-08-21T21:29:05","date_gmt":"2008-08-21T21:29:05","guid":{"rendered":"http:\/\/diariodominicano.ddns.net\/?p=92470"},"modified":"2008-08-21T21:29:05","modified_gmt":"2008-08-21T21:29:05","slug":"juan-luis-guerra-y-gloria-estefan-dedicaran-concierto-a-las-victimas-de-accidente-aereo","status":"publish","type":"post","link":"https:\/\/diariodominicano.com\/?p=92470","title":{"rendered":"Juan Luis Guerra y Gloria Estefan dedicar\u00e1n concierto a las v\u00edctimas de accidente a\u00e9reo"},"content":{"rendered":"<p><body><\/p>\n<p align=\"justify\" class=\"titulogrande1\">Juan Luis Guerra y Gloria Estefan  dedicar\u00e1n concierto a las v\u00edctimas de accidente a\u00e9reo<\/p>\n<p>&#13;<\/p>\n<p align=\"justify\" class=\"text1noticias\"><strong>Valencia  (Espa\u00f1a).-<\/strong> Los cantantes Gloria Estefan y Juan Luis Guerra dedicar\u00e1n su  concierto este viernes en Valencia a los familiares de las v\u00edctimas del  accidente ocurrido \u00a0en Barajas, con la  convicci\u00f3n de que la m\u00fasica \u00abayuda mucho en el dolor\u00bb, dijeron hoy en  una rueda de prensa conjunta.<br \/>&#13;<br \/>\n  <br \/>&#13;<br \/>\n  El  accidente caus\u00f3 153 muertos y 19 heridos, la mayor\u00eda muy graves.<br \/>&#13;<br \/>\n  <br \/>&#13;<br \/>\n  \u00abNosotros  estuvimos en Barajas justo antes de que partiera ese avi\u00f3n, as\u00ed que sabemos  todo lo que est\u00e1n sufriendo y nos unimos a ellos. Es un d\u00eda muy triste, ha  sucedido algo horrible\u00bb, explic\u00f3 a la prensa Gloria Estefan, quien llevaba  en su chaqueta un lazo negro en se\u00f1al de duelo.<br \/>&#13;<br \/>\n  <br \/>&#13;<br \/>\n  La  artista reconoci\u00f3 haber planteado a los promotores la posibilidad de suspender  el concierto, aunque finalmente esta opci\u00f3n fue desestimada por \u00e9stos  \u00abporque ven\u00eda mucha gente de fuera, y tambi\u00e9n servir\u00e1 de promoci\u00f3n para  Valencia y Espa\u00f1a\u00bb.<br \/>&#13;<br \/>\n  <br \/>&#13;<br \/>\n  En  el recital Gloria Estefan y Juan Luis Guerra repasar\u00e1n algunos de los temas de  sus \u00faltimos discos junto a sus mayores \u00e9xitos, la mayor\u00eda de ellos  pertenecientes a g\u00e9neros tradicionalmente latinos, como la bachata, el merengue  o la salsa.<br \/>&#13;<br \/>\n  <br \/>&#13;<br \/>\n  El  concierto ser\u00e1 gratuito y se enmarca en los actos previos a la disputa de un  gran premio de F\u00f3rmula Uno en Valencia, el domingo pr\u00f3ximo.<\/p>\n<p>&#13;<\/p>\n<h6> 2008-08-21 21:29:05 <\/h6>\n<p><!--\n<link rel=\"stylesheet\" href=\"css\/bootstrap.min.css\">\n\n\n<ul class=\"pagination\">\n\t    \n\t\n\n<li >\n\t<a href='?page_no=21091'>Previous<\/a>\n\t<\/li>\n\n\n       \n    \n\n<li><a href='?page_no=1'>1<\/a><\/li>\n\n\n\n<li><a href='?page_no=2'>2<\/a><\/li>\n\n\n\n<li><a>...<\/a><\/li>\n\n\n\n<li><a href='?page_no=21090'>21090<\/a><\/li>\n\n\n\n<li><a href='?page_no=21091'>21091<\/a><\/li>\n\n\n\n<li class='active'><a>21092<\/a><\/li>\n\n\n\n<li><a href='?page_no=21093'>21093<\/a><\/li>\n\n\n\n<li><a href='?page_no=21094'>21094<\/a><\/li>\n\n\n\n<li><a>...<\/a><\/li>\n\n\n\n<li><a href='?page_no=22522'>22522<\/a><\/li>\n\n\n\n<li><a href='?page_no=22523'>22523<\/a><\/li>\n\n    \n\t\n\n<li >\n\t<a href='?page_no=21093'>Next<\/a>\n\t<\/li>\n\n\n    \n\n<li><a href='?page_no=22523'>Last &rsaquo;&rsaquo;<\/a><\/li>\n\n<\/ul>\n\n\n--><br \/>\n<\/body><\/p>\n","protected":false},"excerpt":{"rendered":"<p>Juan Luis Guerra y Gloria Estefan dedicar\u00e1n concierto a las v\u00edctimas de accidente a\u00e9reo &#13; Valencia (Espa\u00f1a).- Los cantantes Gloria Estefan y Juan Luis Guerra dedicar\u00e1n su concierto este viernes en Valencia a los familiares de las v\u00edctimas del accidente ocurrido \u00a0en Barajas, con la convicci\u00f3n de que la m\u00fasica \u00abayuda mucho en el dolor\u00bb, [&hellip;]<\/p>\n","protected":false},"author":3,"featured_media":0,"comment_status":"open","ping_status":"open","sticky":false,"template":"","format":"standard","meta":{"footnotes":""},"categories":[25],"tags":[],"class_list":["post-92470","post","type-post","status-publish","format-standard","hentry","category-gente"],"_links":{"self":[{"href":"https:\/\/diariodominicano.com\/index.php?rest_route=\/wp\/v2\/posts\/92470","targetHints":{"allow":["GET"]}}],"collection":[{"href":"https:\/\/diariodominicano.com\/index.php?rest_route=\/wp\/v2\/posts"}],"about":[{"href":"https:\/\/diariodominicano.com\/index.php?rest_route=\/wp\/v2\/types\/post"}],"author":[{"embeddable":true,"href":"https:\/\/diariodominicano.com\/index.php?rest_route=\/wp\/v2\/users\/3"}],"replies":[{"embeddable":true,"href":"https:\/\/diariodominicano.com\/index.php?rest_route=%2Fwp%2Fv2%2Fcomments&post=92470"}],"version-history":[{"count":0,"href":"https:\/\/diariodominicano.com\/index.php?rest_route=\/wp\/v2\/posts\/92470\/revisions"}],"wp:attachment":[{"href":"https:\/\/diariodominicano.com\/index.php?rest_route=%2Fwp%2Fv2%2Fmedia&parent=92470"}],"wp:term":[{"taxonomy":"category","embeddable":true,"href":"https:\/\/diariodominicano.com\/index.php?rest_route=%2Fwp%2Fv2%2Fcategories&post=92470"},{"taxonomy":"post_tag","embeddable":true,"href":"https:\/\/diariodominicano.com\/index.php?rest_route=%2Fwp%2Fv2%2Ftags&post=92470"}],"curies":[{"name":"wp","href":"https:\/\/api.w.org\/{rel}","templated":true}]}}