{"id":92468,"date":"2008-08-25T18:18:09","date_gmt":"2008-08-25T18:18:09","guid":{"rendered":"http:\/\/diariodominicano.ddns.net\/?p=92468"},"modified":"2008-08-25T18:18:09","modified_gmt":"2008-08-25T18:18:09","slug":"eduardo-sanz-lovaton-invitado-especial-proclamacion-barack-obama-en-denver-colorado","status":"publish","type":"post","link":"https:\/\/diariodominicano.com\/?p=92468","title":{"rendered":"Eduardo Sanz Lovat\u00f3n invitado especial proclamaci\u00f3n Barack Obama en Denver, Colorado"},"content":{"rendered":"<p><body><\/p>\n<p align=\"justify\"><span class=\"titulogrande1\">Eduardo  Sanz Lovat\u00f3n invitado especial proclamaci\u00f3n Barack Obama en Denver, Colorado<\/span><br \/>&#13;<br \/>\n\u00a0<br \/>&#13;<br \/>\n<span class=\"text1noticias\"><strong><img loading=\"lazy\" decoding=\"async\" src=\"http:\/\/localhost:8080\/gente\/img\/sanz lovato.jpg\" width=\"375\" height=\"524\" hspace=\"4\" align=\"left\" \/>Santo Domingo.-<\/strong> El catedr\u00e1tico universitario Eduardo Sanz Lovat\u00f3n fue invitado por  el Partido Dem\u00f3crata de los Estados Unidos a la proclamaci\u00f3n oficial del  candidato presidencial Barack Obama.<br \/>&#13;<br \/>\n  \u00a0<br \/>&#13;<br \/>\n  El acto ser\u00e1 llevado a cabo  durante La   Convenci\u00f3n Nacional, pautada del 25 al 29 de agosto del 2008  en Denver, Colorado, con la presencia de los ex presidentes Bill Clinton y  Jimmy Carter, as\u00ed como de la ex Primera Dama de los Estados Unidos y actual  Senadora por el estado de New York, Hillary Clinton.<br \/>&#13;<br \/>\n  \u00a0<br \/>&#13;<br \/>\n  Se espera la asistencia  masiva de todos los miembros del partido al Pepsi Center y al Invesco Field,  los recintos donde se llevar\u00e1n a cabo la proclamaci\u00f3n del candidato del partido  de oposici\u00f3n en Estados Unidos.<br \/>&#13;<br \/>\n  \u00a0<br \/>&#13;<br \/>\n  Al respecto el abogado Sanz  Lovat\u00f3n refiri\u00f3 que asistir a tan magno evento \u00abes un verdadero honor dado  el nivel tanto de los oradores como de los invitados presentes durante la  jornada\u00bb.<br \/>&#13;<br \/>\n  \u00a0<br \/>&#13;<br \/>\n  Es la primera vez que el  abogado y pol\u00edtico dominicano asiste a la convenci\u00f3n y para \u00e9l es un verdadero  prestigio ser tomado en cuenta entre los invitados internacionales.<br \/>&#13;<br \/>\n  <br \/>&#13;<br \/>\n  La invitaci\u00f3n fue remitida  v\u00eda Leo P\u00e9rez Minaya, miembro del Comit\u00e9 Nacional del Partido Dem\u00f3crata de los  Estados Unidos y figura de primer orden de dicha organizaci\u00f3n en Am\u00e9rica  Latina.<br \/>&#13;<br \/>\n  \u00a0<br \/>&#13;<br \/>\nJunto a Sanz Lovat\u00f3n tambi\u00e9n  asistir\u00e1 una delegaci\u00f3n de personalidades p\u00fablicas y del empresariado  dominicano acogiendo la distinci\u00f3n extendida por el comit\u00e9 organizador del  evento.<\/span><\/p>\n<p>&#13;<\/p>\n<h6> 2008-08-25 18:18:09 <\/h6>\n<p><!--\n<link rel=\"stylesheet\" href=\"css\/bootstrap.min.css\">\n\n\n<ul class=\"pagination\">\n\t    \n\t\n\n<li >\n\t<a href='?page_no=21089'>Previous<\/a>\n\t<\/li>\n\n\n       \n    \n\n<li><a href='?page_no=1'>1<\/a><\/li>\n\n\n\n<li><a href='?page_no=2'>2<\/a><\/li>\n\n\n\n<li><a>...<\/a><\/li>\n\n\n\n<li><a href='?page_no=21088'>21088<\/a><\/li>\n\n\n\n<li><a href='?page_no=21089'>21089<\/a><\/li>\n\n\n\n<li class='active'><a>21090<\/a><\/li>\n\n\n\n<li><a href='?page_no=21091'>21091<\/a><\/li>\n\n\n\n<li><a href='?page_no=21092'>21092<\/a><\/li>\n\n\n\n<li><a>...<\/a><\/li>\n\n\n\n<li><a href='?page_no=22522'>22522<\/a><\/li>\n\n\n\n<li><a href='?page_no=22523'>22523<\/a><\/li>\n\n    \n\t\n\n<li >\n\t<a href='?page_no=21091'>Next<\/a>\n\t<\/li>\n\n\n    \n\n<li><a href='?page_no=22523'>Last &rsaquo;&rsaquo;<\/a><\/li>\n\n<\/ul>\n\n\n--><br \/>\n<\/body><\/p>\n","protected":false},"excerpt":{"rendered":"<p>Eduardo Sanz Lovat\u00f3n invitado especial proclamaci\u00f3n Barack Obama en Denver, Colorado&#13; \u00a0&#13; Santo Domingo.- El catedr\u00e1tico universitario Eduardo Sanz Lovat\u00f3n fue invitado por el Partido Dem\u00f3crata de los Estados Unidos a la proclamaci\u00f3n oficial del candidato presidencial Barack Obama.&#13; \u00a0&#13; El acto ser\u00e1 llevado a cabo durante La Convenci\u00f3n Nacional, pautada del 25 al 29 [&hellip;]<\/p>\n","protected":false},"author":3,"featured_media":0,"comment_status":"open","ping_status":"open","sticky":false,"template":"","format":"standard","meta":{"footnotes":""},"categories":[25],"tags":[],"class_list":["post-92468","post","type-post","status-publish","format-standard","hentry","category-gente"],"_links":{"self":[{"href":"https:\/\/diariodominicano.com\/index.php?rest_route=\/wp\/v2\/posts\/92468","targetHints":{"allow":["GET"]}}],"collection":[{"href":"https:\/\/diariodominicano.com\/index.php?rest_route=\/wp\/v2\/posts"}],"about":[{"href":"https:\/\/diariodominicano.com\/index.php?rest_route=\/wp\/v2\/types\/post"}],"author":[{"embeddable":true,"href":"https:\/\/diariodominicano.com\/index.php?rest_route=\/wp\/v2\/users\/3"}],"replies":[{"embeddable":true,"href":"https:\/\/diariodominicano.com\/index.php?rest_route=%2Fwp%2Fv2%2Fcomments&post=92468"}],"version-history":[{"count":0,"href":"https:\/\/diariodominicano.com\/index.php?rest_route=\/wp\/v2\/posts\/92468\/revisions"}],"wp:attachment":[{"href":"https:\/\/diariodominicano.com\/index.php?rest_route=%2Fwp%2Fv2%2Fmedia&parent=92468"}],"wp:term":[{"taxonomy":"category","embeddable":true,"href":"https:\/\/diariodominicano.com\/index.php?rest_route=%2Fwp%2Fv2%2Fcategories&post=92468"},{"taxonomy":"post_tag","embeddable":true,"href":"https:\/\/diariodominicano.com\/index.php?rest_route=%2Fwp%2Fv2%2Ftags&post=92468"}],"curies":[{"name":"wp","href":"https:\/\/api.w.org\/{rel}","templated":true}]}}