{"id":92465,"date":"2008-08-25T19:09:11","date_gmt":"2008-08-25T19:09:11","guid":{"rendered":"http:\/\/diariodominicano.ddns.net\/?p=92465"},"modified":"2008-08-25T19:09:11","modified_gmt":"2008-08-25T19:09:11","slug":"s-o-s-llega-con-la-fuerza-que-la-television-dominicana-en-new-york","status":"publish","type":"post","link":"https:\/\/diariodominicano.com\/?p=92465","title":{"rendered":"S.O.S llega con la fuerza que la televisi\u00f3n dominicana en New York"},"content":{"rendered":"<p><body><\/p>\n<p align=\"justify\"><span class=\"titulogrande1\">S.O.S llega con la fuerza que la televisi\u00f3n dominicana en  New York<\/span><br \/>&#13;<br \/>\n  <br \/>&#13;<br \/>\n    <strong>Por:<\/strong> <span class=\"textogrande\">Andy Salas<\/span><br \/>&#13;<br \/>\n  <br \/>&#13;<br \/>\n  <span class=\"text1noticias\">La Nueva Farandula.com<br \/>&#13;<br \/>\n  <br \/>&#13;<br \/>\n  <strong>New York.- <\/strong>En la tarde del Domingo 24 de Agosto, 2008 dio inicio el programa CON MINERVA S.O.S,\u00a0 por la se\u00f1al que une a los dominicanos de aqu\u00ed con los  de halla S\u00faper Canal Caribe y\u00a0 canal 33 en horario de 2:00 a 4:00 de la  tarde, horario que necesitaba un relevo de profesionales \u00a0como los que se  han sumado ahora la Licenciada periodista Minerva Saint Hilaire y su Ratner  Jos\u00e9 Samboy es\u00a0 todo lo que\u00a0 se esperaba en New York, gente querida  para gente respetada, es lo\u00a0 que hemos llamado un verdadero \u00e9xito.<br \/>&#13;<br \/>\n  <br \/>&#13;<br \/>\n  CON MINERVA S.O.S, bajo la conducci\u00f3n de la productora y primera dama de la televisi\u00f3n Minerva Saint-Hilaire llego\u00a0 para \u00a0llenar el vaci\u00f3 que  existe en nuestras comunidades para ayudar a los m\u00e1s necesitados en forma directa con su  pueblo.<br \/>&#13;<br \/>\n  <br \/>&#13;<br \/>\n  Todos los segmentos de CON MINERVA S.O.S han sido cuidadosamente elaborados por un equipo de profesionales que comparten el mismo sentir por las necesidades de todo ser humano dirigidos por la productora Minerva Saint-Hilaire y el empresario-productor de televisi\u00f3n Jos\u00e9 Samboy entre ellos podemos citar; Entrevistas a profesionales de la salud, abogados de inmigraci\u00f3n, pol\u00edticos, l\u00edderes comunales y todo aquel que incide en nuestras comunidades en esta gran ciudad controversial que es el centro del  universo cuando de proyecci\u00f3n e importancia comercial se\u00a0 refiere New York  es la meca universal de la proyecci\u00f3n comercial en todos los afectos.<br \/>&#13;<br \/>\n  \u00a0<br \/>&#13;<br \/>\n  Todos los medios comunicacionales de New York en su gran mayor\u00eda estamos de  fiesta con la intervenci\u00f3n de nuestra primera dama de la televisi\u00f3n en S\u00faper  Canal Caribe, creemos que Minerva Saint Hilaire tiene poder para llenar todas y  cada una de las espectadas que los dominicanos serios y trabajadores necesitan  en este gran urbe de sue\u00f1os alcanzados para uno, y grandes frustraciones para  otros.<br \/>&#13;<br \/>\n  <br \/>&#13;<br \/>\n  Ayudar  a Ayudar es\u00a0 un segmento que est\u00e1\u00a0\u00a0 orientado a ayudar a los  dominicanos y latinos dondequiera que llega la\u00a0 se\u00f1al de S\u00faper Canal  Caribe. Triangulo Informativo donde se recogemos las m\u00e1s importantes noticias  de la semana en los Estados Unidos y  la Rep\u00fablica Dominicana.<br \/>&#13;<br \/>\n  <br \/>&#13;<br \/>\n  Hablando Claro, es el potencial que envuelve todas y cada una de las amalgamas  de colores\u00a0 de un Arco Iris, para al final deslumbrar en la oscuridad para  que desde ella salga la verdad, que merecen todos los oyentes de S\u00faper Canal  Caribe en los m\u00e1s de 26 pa\u00edses que ven la se\u00f1al que une a los hispanos en el  mudo.<br \/>&#13;<br \/>\n  <br \/>&#13;<br \/>\n  Hablando Claro orientado \u00a0es un segmento orientado a  sacar la verdad de nuestros entrevistados. <br \/>&#13;<br \/>\n  <br \/>&#13;<br \/>\n  Uniendo familias y dedicado como su nombre lo indica a unir familias, \u00a0ya sea a trav\u00e9s de videos, v\u00eda telef\u00f3nica o en forma personal.<br \/>&#13;<br \/>\n  <br \/>&#13;<br \/>\n  Queremos agradecer al p\u00fablico que se mantuvo en frente de su televisor durante estas  dos horas de transmisi\u00f3n y agradecer de forma  especial a nuestros patrocinadores por confiar en \u00c1ngeles Productions TV Studio y su programa CON MINERVA S.O.S<\/span><\/p>\n<p>&#13;<\/p>\n<h6> 2008-08-25 19:09:11 <\/h6>\n<p><!--\n<link rel=\"stylesheet\" href=\"css\/bootstrap.min.css\">\n\n\n<ul class=\"pagination\">\n\t    \n\t\n\n<li >\n\t<a href='?page_no=21086'>Previous<\/a>\n\t<\/li>\n\n\n       \n    \n\n<li><a href='?page_no=1'>1<\/a><\/li>\n\n\n\n<li><a href='?page_no=2'>2<\/a><\/li>\n\n\n\n<li><a>...<\/a><\/li>\n\n\n\n<li><a href='?page_no=21085'>21085<\/a><\/li>\n\n\n\n<li><a href='?page_no=21086'>21086<\/a><\/li>\n\n\n\n<li class='active'><a>21087<\/a><\/li>\n\n\n\n<li><a href='?page_no=21088'>21088<\/a><\/li>\n\n\n\n<li><a href='?page_no=21089'>21089<\/a><\/li>\n\n\n\n<li><a>...<\/a><\/li>\n\n\n\n<li><a href='?page_no=22522'>22522<\/a><\/li>\n\n\n\n<li><a href='?page_no=22523'>22523<\/a><\/li>\n\n    \n\t\n\n<li >\n\t<a href='?page_no=21088'>Next<\/a>\n\t<\/li>\n\n\n    \n\n<li><a href='?page_no=22523'>Last &rsaquo;&rsaquo;<\/a><\/li>\n\n<\/ul>\n\n\n--><br \/>\n<\/body><\/p>\n","protected":false},"excerpt":{"rendered":"<p>S.O.S llega con la fuerza que la televisi\u00f3n dominicana en New York&#13; &#13; Por: Andy Salas&#13; &#13; La Nueva Farandula.com&#13; &#13; New York.- En la tarde del Domingo 24 de Agosto, 2008 dio inicio el programa CON MINERVA S.O.S,\u00a0 por la se\u00f1al que une a los dominicanos de aqu\u00ed con los de halla S\u00faper Canal [&hellip;]<\/p>\n","protected":false},"author":3,"featured_media":0,"comment_status":"open","ping_status":"open","sticky":false,"template":"","format":"standard","meta":{"footnotes":""},"categories":[25],"tags":[],"class_list":["post-92465","post","type-post","status-publish","format-standard","hentry","category-gente"],"_links":{"self":[{"href":"https:\/\/diariodominicano.com\/index.php?rest_route=\/wp\/v2\/posts\/92465","targetHints":{"allow":["GET"]}}],"collection":[{"href":"https:\/\/diariodominicano.com\/index.php?rest_route=\/wp\/v2\/posts"}],"about":[{"href":"https:\/\/diariodominicano.com\/index.php?rest_route=\/wp\/v2\/types\/post"}],"author":[{"embeddable":true,"href":"https:\/\/diariodominicano.com\/index.php?rest_route=\/wp\/v2\/users\/3"}],"replies":[{"embeddable":true,"href":"https:\/\/diariodominicano.com\/index.php?rest_route=%2Fwp%2Fv2%2Fcomments&post=92465"}],"version-history":[{"count":0,"href":"https:\/\/diariodominicano.com\/index.php?rest_route=\/wp\/v2\/posts\/92465\/revisions"}],"wp:attachment":[{"href":"https:\/\/diariodominicano.com\/index.php?rest_route=%2Fwp%2Fv2%2Fmedia&parent=92465"}],"wp:term":[{"taxonomy":"category","embeddable":true,"href":"https:\/\/diariodominicano.com\/index.php?rest_route=%2Fwp%2Fv2%2Fcategories&post=92465"},{"taxonomy":"post_tag","embeddable":true,"href":"https:\/\/diariodominicano.com\/index.php?rest_route=%2Fwp%2Fv2%2Ftags&post=92465"}],"curies":[{"name":"wp","href":"https:\/\/api.w.org\/{rel}","templated":true}]}}