{"id":92463,"date":"2008-08-25T22:09:06","date_gmt":"2008-08-25T22:09:06","guid":{"rendered":"http:\/\/diariodominicano.ddns.net\/?p=92463"},"modified":"2008-08-25T22:09:06","modified_gmt":"2008-08-25T22:09:06","slug":"cristal-marie-sera-contraparte-de-alejandro-fernandez","status":"publish","type":"post","link":"https:\/\/diariodominicano.com\/?p=92463","title":{"rendered":"Cristal Marie ser\u00e1 contraparte de Alejandro Fern\u00e1ndez"},"content":{"rendered":"<p><body><\/p>\n<p align=\"center\" class=\"titulogrande1\"><strong>Cristal Marie ser\u00e1 contraparte de Alejandro Fern\u00e1ndez<\/strong> <\/p>\n<p>&#13;<\/p>\n<p align=\"center\" class=\"text1noticias\"><em>El concierto ser\u00e1 el viernes en el Palacio de los  Deportes<\/em> <\/p>\n<p>&#13;<\/p>\n<p align=\"justify\" class=\"text1noticias\"><strong>Santo Domingo.-<\/strong> No todos los artistas j\u00f3venes  tienen la oportunidad de codearse con un astro de la m\u00fasica latina como es el  caso del mexicano Alejandro Fern\u00e1ndez, quien se presentar\u00e1 en el Palacio de los  Deportes el pr\u00f3ximo viernes, bajo la producci\u00f3n local de Conciertos Saymon  D\u00edaz. <\/p>\n<p>&#13;<\/p>\n<p align=\"justify\" class=\"text1noticias\">La del viernes, para la pujante y talentosa  cantante Cristal Marie, probablemente sea una cita inolvidable, todo gracias a  que tendr\u00e1 ante s\u00ed el reto de cautivar a los m\u00e1s de 9 mil fan\u00e1ticos que se  esperan para este concierto que est\u00e1 pr\u00e1cticamente vendido, seg\u00fan inform\u00f3 \u00a0la promotora local en un comunicado. <\/p>\n<p>&#13;<\/p>\n<p align=\"justify\" class=\"text1noticias\">\u00abEsta es una combinaci\u00f3n que equilibrar\u00e1  la propuesta musical de lo que ser\u00e1 el esperado concierto\u00bb, asegur\u00f3  Saymon. \u00abCristal Marie es una artista joven, refrescante, que a partir de  su segundo \u00e1lbum, <em>Cristal, <\/em>dio un giro a su carrera con un repertorio  propio de una int\u00e9rprete de su categor\u00eda\u00bb. <\/p>\n<p>&#13;<\/p>\n<p align=\"justify\" class=\"text1noticias\">Mientras, para la cantante juvenil \u2013que  suspendi\u00f3 su gira de promoci\u00f3n por Miami para participar en el concierto- la  del viernes ser\u00e1 una cita para luc\u00edrsela, sobre todo porque ser\u00e1 la responsable  de poner las notas iniciales y calentar el \u00e1nimo del p\u00fablico en la primera  parte del show. \u00abEstamos preparando una producci\u00f3n sin desperdicios\u00bb,  se\u00f1al\u00f3 Cristal. \u00abEstoy muy entusiasmada con esta valiosa oportunidad que  me ha dado Saymon D\u00edaz para ponerme en contacto con ese gran p\u00fablico\u00bb. <\/p>\n<p>&#13;<\/p>\n<p align=\"justify\" class=\"text1noticias\">Las boletas del concierto tienen precios de  1,000 pesos en balc\u00f3n, 2,500 en platea y 3,500 en el \u00e1rea VIP. Todas las  secciones ser\u00e1n numeradas incluyendo el \u00e1rea de balc\u00f3n. <\/p>\n<p>&#13;<\/p>\n<p align=\"justify\" class=\"text1noticias\">Cristal Marie, que logr\u00f3 sumar otro hit a su  carrera con la canci\u00f3n \u00abT\u00fa y yo\u00bb, estuvo nominada a los premios Casandra  del 2008 en la categor\u00eda Cantante solista. Su segundo \u00e1lbum, <em>Cristal, <\/em>cont\u00f3  con la producci\u00f3n musical del reputado m\u00fasico dominicano Roy Tabar\u00e9. <\/p>\n<p>&#13;<\/p>\n<h6> 2008-08-25 22:09:06 <\/h6>\n<p><!--\n<link rel=\"stylesheet\" href=\"css\/bootstrap.min.css\">\n\n\n<ul class=\"pagination\">\n\t    \n\t\n\n<li >\n\t<a href='?page_no=21084'>Previous<\/a>\n\t<\/li>\n\n\n       \n    \n\n<li><a href='?page_no=1'>1<\/a><\/li>\n\n\n\n<li><a href='?page_no=2'>2<\/a><\/li>\n\n\n\n<li><a>...<\/a><\/li>\n\n\n\n<li><a href='?page_no=21083'>21083<\/a><\/li>\n\n\n\n<li><a href='?page_no=21084'>21084<\/a><\/li>\n\n\n\n<li class='active'><a>21085<\/a><\/li>\n\n\n\n<li><a href='?page_no=21086'>21086<\/a><\/li>\n\n\n\n<li><a href='?page_no=21087'>21087<\/a><\/li>\n\n\n\n<li><a>...<\/a><\/li>\n\n\n\n<li><a href='?page_no=22522'>22522<\/a><\/li>\n\n\n\n<li><a href='?page_no=22523'>22523<\/a><\/li>\n\n    \n\t\n\n<li >\n\t<a href='?page_no=21086'>Next<\/a>\n\t<\/li>\n\n\n    \n\n<li><a href='?page_no=22523'>Last &rsaquo;&rsaquo;<\/a><\/li>\n\n<\/ul>\n\n\n--><br \/>\n<\/body><\/p>\n","protected":false},"excerpt":{"rendered":"<p>Cristal Marie ser\u00e1 contraparte de Alejandro Fern\u00e1ndez &#13; El concierto ser\u00e1 el viernes en el Palacio de los Deportes &#13; Santo Domingo.- No todos los artistas j\u00f3venes tienen la oportunidad de codearse con un astro de la m\u00fasica latina como es el caso del mexicano Alejandro Fern\u00e1ndez, quien se presentar\u00e1 en el Palacio de los [&hellip;]<\/p>\n","protected":false},"author":3,"featured_media":0,"comment_status":"open","ping_status":"open","sticky":false,"template":"","format":"standard","meta":{"footnotes":""},"categories":[25],"tags":[],"class_list":["post-92463","post","type-post","status-publish","format-standard","hentry","category-gente"],"_links":{"self":[{"href":"https:\/\/diariodominicano.com\/index.php?rest_route=\/wp\/v2\/posts\/92463","targetHints":{"allow":["GET"]}}],"collection":[{"href":"https:\/\/diariodominicano.com\/index.php?rest_route=\/wp\/v2\/posts"}],"about":[{"href":"https:\/\/diariodominicano.com\/index.php?rest_route=\/wp\/v2\/types\/post"}],"author":[{"embeddable":true,"href":"https:\/\/diariodominicano.com\/index.php?rest_route=\/wp\/v2\/users\/3"}],"replies":[{"embeddable":true,"href":"https:\/\/diariodominicano.com\/index.php?rest_route=%2Fwp%2Fv2%2Fcomments&post=92463"}],"version-history":[{"count":0,"href":"https:\/\/diariodominicano.com\/index.php?rest_route=\/wp\/v2\/posts\/92463\/revisions"}],"wp:attachment":[{"href":"https:\/\/diariodominicano.com\/index.php?rest_route=%2Fwp%2Fv2%2Fmedia&parent=92463"}],"wp:term":[{"taxonomy":"category","embeddable":true,"href":"https:\/\/diariodominicano.com\/index.php?rest_route=%2Fwp%2Fv2%2Fcategories&post=92463"},{"taxonomy":"post_tag","embeddable":true,"href":"https:\/\/diariodominicano.com\/index.php?rest_route=%2Fwp%2Fv2%2Ftags&post=92463"}],"curies":[{"name":"wp","href":"https:\/\/api.w.org\/{rel}","templated":true}]}}