{"id":92462,"date":"2008-08-26T02:32:30","date_gmt":"2008-08-26T02:32:30","guid":{"rendered":"http:\/\/diariodominicano.ddns.net\/?p=92462"},"modified":"2008-08-26T02:32:30","modified_gmt":"2008-08-26T02:32:30","slug":"abren-al-publico-marisquerias","status":"publish","type":"post","link":"https:\/\/diariodominicano.com\/?p=92462","title":{"rendered":"Abren al p\u00fablico Marisquer\u00edas"},"content":{"rendered":"<p><body><\/p>\n<p class=\"titulogrande1\">Abren al p\u00fablico Marisquer\u00edas <\/p>\n<p>&#13;<\/p>\n<p align=\"justify\" class=\"text1noticias\"><strong><img loading=\"lazy\" decoding=\"async\" src=\"http:\/\/localhost:8080\/gente\/img\/marisquerias musica.jpg\" width=\"375\" height=\"1112\" hspace=\"4\" align=\"left\" \/>Santo Domingo.-<\/strong> Marisco Centro y Pescader\u00eda Mora, realizaron la  reinauguraci\u00f3n y la inauguraci\u00f3n de la avenida John F. Kennedy, casi Esq. N\u00fa\u00f1ez  de C\u00e1ceres, de sus establecimientos comerciales.<\/p>\n<p>&#13;<\/p>\n<p align=\"justify\" class=\"text1noticias\">En un ambiente que estuvo amenizado por la orquesta  de Kinito M\u00e9ndez, Jacubanda, Jerry Vargas,\u00a0  El\u00a0 Mariachi Alegr\u00eda, Ely Familia,  Jorge Luis, Ranchell, Skalyn, con la conducci\u00f3n de Yoryi Castillo.<br \/>&#13;<br \/>\n  \u00a0<br \/>&#13;<br \/>\n  En el encuentro los invitados pudieron degustar de  los diferentes platos de Marisco Centro, as\u00ed como de los pescados frescos de  Pescader\u00eda Mora.<\/p>\n<p>&#13;<\/p>\n<p align=\"justify\" class=\"text1noticias\"> Los se\u00f1ores Jos\u00e9 Antonio Mora, F\u00e9lix Mora y Antonio  Placencia, agradecieron a todos los medios de la prensa\u00a0 presentes y al p\u00fablico en general, por el  respaldo dado a\u00a0 este encuentro de amigos  y clientes.<\/p>\n<p>&#13;<\/p>\n<p align=\"justify\" class=\"text1noticias\">Pescader\u00eda Mora y Marisco Centro unen sus  experiencias en el mundo de la gastronom\u00eda de mariscos y pescados, para brindar  a toda su clientela el m\u00e1s alto est\u00e1ndar de calidad y servicio.<\/p>\n<p>&#13;<\/p>\n<p align=\"justify\" class=\"text1noticias\">La organizaci\u00f3n del evento estuvo a cargo de la  empresa eventos Yoryi Castillo, quien adem\u00e1s de la producci\u00f3n general fungi\u00f3  como presentador de la misma, acompa\u00f1ada de las modelos y el cuerpo de ballet  del programa de variedad semanal el  S\u00e1bado Yoryi y Yoryi resuelve.\u00a8<\/p>\n<p>&#13;<\/p>\n<p align=\"justify\" class=\"text1noticias\">Al finalizar la noche el cielo se vio iluminado con  los fuegos artificiales dise\u00f1ados para la ocasi\u00f3n, donde un espect\u00e1culo de  pirotecnia por m\u00e1s de 20 minutos fueron el deleite final y la invitaci\u00f3n para  el pr\u00f3ximo a\u00f1o realizar nuestro nuevo aniversario.<\/p>\n<p>&#13;<\/p>\n<p align=\"justify\" class=\"text1noticias\">La actividad cont\u00f3 con el patrocinio de  Brugal\u00a0&amp; Co. y\u00a0Kola Real.<\/p>\n<p>&#13;<\/p>\n<h6> 2008-08-26 02:32:30 <\/h6>\n<p><!--\n<link rel=\"stylesheet\" href=\"css\/bootstrap.min.css\">\n\n\n<ul class=\"pagination\">\n\t    \n\t\n\n<li >\n\t<a href='?page_no=21083'>Previous<\/a>\n\t<\/li>\n\n\n       \n    \n\n<li><a href='?page_no=1'>1<\/a><\/li>\n\n\n\n<li><a href='?page_no=2'>2<\/a><\/li>\n\n\n\n<li><a>...<\/a><\/li>\n\n\n\n<li><a href='?page_no=21082'>21082<\/a><\/li>\n\n\n\n<li><a href='?page_no=21083'>21083<\/a><\/li>\n\n\n\n<li class='active'><a>21084<\/a><\/li>\n\n\n\n<li><a href='?page_no=21085'>21085<\/a><\/li>\n\n\n\n<li><a href='?page_no=21086'>21086<\/a><\/li>\n\n\n\n<li><a>...<\/a><\/li>\n\n\n\n<li><a href='?page_no=22522'>22522<\/a><\/li>\n\n\n\n<li><a href='?page_no=22523'>22523<\/a><\/li>\n\n    \n\t\n\n<li >\n\t<a href='?page_no=21085'>Next<\/a>\n\t<\/li>\n\n\n    \n\n<li><a href='?page_no=22523'>Last &rsaquo;&rsaquo;<\/a><\/li>\n\n<\/ul>\n\n\n--><br \/>\n<\/body><\/p>\n","protected":false},"excerpt":{"rendered":"<p>Abren al p\u00fablico Marisquer\u00edas &#13; Santo Domingo.- Marisco Centro y Pescader\u00eda Mora, realizaron la reinauguraci\u00f3n y la inauguraci\u00f3n de la avenida John F. Kennedy, casi Esq. N\u00fa\u00f1ez de C\u00e1ceres, de sus establecimientos comerciales. &#13; En un ambiente que estuvo amenizado por la orquesta de Kinito M\u00e9ndez, Jacubanda, Jerry Vargas,\u00a0 El\u00a0 Mariachi Alegr\u00eda, Ely Familia, Jorge [&hellip;]<\/p>\n","protected":false},"author":3,"featured_media":0,"comment_status":"open","ping_status":"open","sticky":false,"template":"","format":"standard","meta":{"footnotes":""},"categories":[25],"tags":[],"class_list":["post-92462","post","type-post","status-publish","format-standard","hentry","category-gente"],"_links":{"self":[{"href":"https:\/\/diariodominicano.com\/index.php?rest_route=\/wp\/v2\/posts\/92462","targetHints":{"allow":["GET"]}}],"collection":[{"href":"https:\/\/diariodominicano.com\/index.php?rest_route=\/wp\/v2\/posts"}],"about":[{"href":"https:\/\/diariodominicano.com\/index.php?rest_route=\/wp\/v2\/types\/post"}],"author":[{"embeddable":true,"href":"https:\/\/diariodominicano.com\/index.php?rest_route=\/wp\/v2\/users\/3"}],"replies":[{"embeddable":true,"href":"https:\/\/diariodominicano.com\/index.php?rest_route=%2Fwp%2Fv2%2Fcomments&post=92462"}],"version-history":[{"count":0,"href":"https:\/\/diariodominicano.com\/index.php?rest_route=\/wp\/v2\/posts\/92462\/revisions"}],"wp:attachment":[{"href":"https:\/\/diariodominicano.com\/index.php?rest_route=%2Fwp%2Fv2%2Fmedia&parent=92462"}],"wp:term":[{"taxonomy":"category","embeddable":true,"href":"https:\/\/diariodominicano.com\/index.php?rest_route=%2Fwp%2Fv2%2Fcategories&post=92462"},{"taxonomy":"post_tag","embeddable":true,"href":"https:\/\/diariodominicano.com\/index.php?rest_route=%2Fwp%2Fv2%2Ftags&post=92462"}],"curies":[{"name":"wp","href":"https:\/\/api.w.org\/{rel}","templated":true}]}}