{"id":92459,"date":"2008-08-26T16:19:22","date_gmt":"2008-08-26T16:19:22","guid":{"rendered":"http:\/\/diariodominicano.ddns.net\/?p=92459"},"modified":"2008-08-26T16:19:22","modified_gmt":"2008-08-26T16:19:22","slug":"el-torito-y-el-sujeto-en-fiesta-campeon-olimpico-monte-plata","status":"publish","type":"post","link":"https:\/\/diariodominicano.com\/?p=92459","title":{"rendered":"El Torito y El Sujeto en fiesta Campe\u00f3n Ol\u00edmpico Monte Plata"},"content":{"rendered":"<p><body><\/p>\n<p align=\"justify\"><span class=\"titulogrande1\"><strong>El Torito y El Sujeto en fiesta Campe\u00f3n  Ol\u00edmpico Monte Plata<\/strong>\u00a0<\/span><br \/>&#13;<br \/>\n  \u00a0<br \/>&#13;<br \/>\n  <span class=\"text1noticias\"><strong><img loading=\"lazy\" decoding=\"async\" src=\"http:\/\/localhost:8080\/gente\/img\/torito concert.jpg\" width=\"375\" height=\"507\" hspace=\"4\" align=\"left\" \/>Rep Dom.-<\/strong> Pobladores de los 5 municipios que componen la Provincia Monte  Plata, residentes en los mismos y en otras regiones se fundir\u00e1n en un gran  abrazo musical para decirle gracias al Campe\u00f3n Ol\u00edmpico Gabriel Mercedes.<br \/>&#13;<br \/>\n  <br \/>&#13;<br \/>\n  Gabriel Mercedes ser\u00e1 conducido en una  caravana que saldr\u00e1 este mi\u00e9rcoles a las 2:30 de la tarde desde el Estadio  Ol\u00edmpico, acompa\u00f1ado de su familia, el senador de Monte Plata Charlie Mariotti  y monteplate\u00f1os residentes en la capital.<br \/>&#13;<br \/>\n  <br \/>&#13;<br \/>\n  Al llegar a Monte Plata ser\u00e1 recibido por  todo el pueblo fundido ante una gran tarima desde la cual el ganador de la Medalla de Plata en  Taekwondo en Beijing ser\u00e1 declarado hijo meritorio de los 5 municipios que  componen la provincia.<br \/>&#13;<br \/>\n  <br \/>&#13;<br \/>\n  Ah\u00ed mismo, pr\u00f3ximo al colmado de Tony, esa  tarima se convertir\u00e1 en el centro de la alegr\u00eda colectiva con la actuaci\u00f3n de  H\u00e9ctor Acosta y Orquesta y del popular mambero de calle\u00a0 conocido como El  Sujeto.\u00a0 La animaci\u00f3n del concierto estar\u00e1 a cargo de Carolina Feliz.<br \/>&#13;<br \/>\n  <br \/>&#13;<br \/>\nLa actividad est\u00e1 siendo organizada por la Oficina de Gesti\u00f3n  Senatorial y la   Mancomunidad Esmeralda con el apoyo de Tricom.<\/span><\/p>\n<p>&#13;<\/p>\n<p align=\"justify\">\n<h6> 2008-08-26 16:19:22 <\/h6>\n<p><!--\n<link rel=\"stylesheet\" href=\"css\/bootstrap.min.css\">\n\n\n<ul class=\"pagination\">\n\t    \n\t\n\n<li >\n\t<a href='?page_no=21080'>Previous<\/a>\n\t<\/li>\n\n\n       \n    \n\n<li><a href='?page_no=1'>1<\/a><\/li>\n\n\n\n<li><a href='?page_no=2'>2<\/a><\/li>\n\n\n\n<li><a>...<\/a><\/li>\n\n\n\n<li><a href='?page_no=21079'>21079<\/a><\/li>\n\n\n\n<li><a href='?page_no=21080'>21080<\/a><\/li>\n\n\n\n<li class='active'><a>21081<\/a><\/li>\n\n\n\n<li><a href='?page_no=21082'>21082<\/a><\/li>\n\n\n\n<li><a href='?page_no=21083'>21083<\/a><\/li>\n\n\n\n<li><a>...<\/a><\/li>\n\n\n\n<li><a href='?page_no=22522'>22522<\/a><\/li>\n\n\n\n<li><a href='?page_no=22523'>22523<\/a><\/li>\n\n    \n\t\n\n<li >\n\t<a href='?page_no=21082'>Next<\/a>\n\t<\/li>\n\n\n    \n\n<li><a href='?page_no=22523'>Last &rsaquo;&rsaquo;<\/a><\/li>\n\n<\/ul>\n\n\n--><br \/>\n<\/body><\/p>\n","protected":false},"excerpt":{"rendered":"<p>El Torito y El Sujeto en fiesta Campe\u00f3n Ol\u00edmpico Monte Plata\u00a0&#13; \u00a0&#13; Rep Dom.- Pobladores de los 5 municipios que componen la Provincia Monte Plata, residentes en los mismos y en otras regiones se fundir\u00e1n en un gran abrazo musical para decirle gracias al Campe\u00f3n Ol\u00edmpico Gabriel Mercedes.&#13; &#13; Gabriel Mercedes ser\u00e1 conducido en una [&hellip;]<\/p>\n","protected":false},"author":3,"featured_media":0,"comment_status":"open","ping_status":"open","sticky":false,"template":"","format":"standard","meta":{"footnotes":""},"categories":[25],"tags":[],"class_list":["post-92459","post","type-post","status-publish","format-standard","hentry","category-gente"],"_links":{"self":[{"href":"https:\/\/diariodominicano.com\/index.php?rest_route=\/wp\/v2\/posts\/92459","targetHints":{"allow":["GET"]}}],"collection":[{"href":"https:\/\/diariodominicano.com\/index.php?rest_route=\/wp\/v2\/posts"}],"about":[{"href":"https:\/\/diariodominicano.com\/index.php?rest_route=\/wp\/v2\/types\/post"}],"author":[{"embeddable":true,"href":"https:\/\/diariodominicano.com\/index.php?rest_route=\/wp\/v2\/users\/3"}],"replies":[{"embeddable":true,"href":"https:\/\/diariodominicano.com\/index.php?rest_route=%2Fwp%2Fv2%2Fcomments&post=92459"}],"version-history":[{"count":0,"href":"https:\/\/diariodominicano.com\/index.php?rest_route=\/wp\/v2\/posts\/92459\/revisions"}],"wp:attachment":[{"href":"https:\/\/diariodominicano.com\/index.php?rest_route=%2Fwp%2Fv2%2Fmedia&parent=92459"}],"wp:term":[{"taxonomy":"category","embeddable":true,"href":"https:\/\/diariodominicano.com\/index.php?rest_route=%2Fwp%2Fv2%2Fcategories&post=92459"},{"taxonomy":"post_tag","embeddable":true,"href":"https:\/\/diariodominicano.com\/index.php?rest_route=%2Fwp%2Fv2%2Ftags&post=92459"}],"curies":[{"name":"wp","href":"https:\/\/api.w.org\/{rel}","templated":true}]}}