{"id":92458,"date":"2008-08-26T18:18:51","date_gmt":"2008-08-26T18:18:51","guid":{"rendered":"http:\/\/diariodominicano.ddns.net\/?p=92458"},"modified":"2008-08-26T18:18:51","modified_gmt":"2008-08-26T18:18:51","slug":"lo-mejor-de-mtv-unplugged-el-disco-mas-esperado","status":"publish","type":"post","link":"https:\/\/diariodominicano.com\/?p=92458","title":{"rendered":"\u201cLo Mejor de MTV Unplugged\u201d el disco m\u00e1s esperado"},"content":{"rendered":"<p><body><\/p>\n<p align=\"justify\"><span class=\"titulogrande1\">\u201cLo Mejor de MTV Unplugged\u201d el  disco m\u00e1s esperado<\/span><br \/>&#13;<br \/>\n\u00a0<br \/>&#13;<br \/>\n<span class=\"text1noticias\"><strong><img loading=\"lazy\" decoding=\"async\" src=\"http:\/\/localhost:8080\/gente\/img\/disco mtv.jpg\" width=\"375\" height=\"337\" hspace=\"4\" align=\"left\" \/>Miami, FL.- <\/strong>Una de las sorpresas discogr\u00e1ficas de este verano es el lanzamiento de  \u201cLo Mejor De MTV Unplugged\u201d, un \u00e1lbum que re\u00fane a los artistas latinos que han  pasado por los estudios de MTV para registrar su famosa serie de discos en  vivo.<br \/>&#13;<br \/>\n  \u00a0<br \/>&#13;<br \/>\n  No s\u00f3lo por la intimidad del  recinto, lo que les dio a estas grandes figuras la posibilidad de ofrecer su  m\u00fasica de una manera diferente, sino porque los instrumentos fueron registrados  de manera ac\u00fastica, sin mayor interferencia t\u00e9cnica.<br \/>&#13;<br \/>\n  \u00a0<br \/>&#13;<br \/>\n  As\u00ed es como Shakira, Man\u00e1,  Ricky Martin, Alejandro Sanz, Caifanes, La Ley junto a Ely Guerra, Lenine y Julieta Venegas,  Caf\u00e9 Tacuba, Charly Garc\u00eda, Los Fabulosos Cadillacs y El Tri, entre otras  grandes estrellas del pop, se re\u00fanen en este disco en forma in\u00e9dita,  presentados por Sony BMG Latin.<br \/>&#13;<br \/>\n  \u00a0<br \/>&#13;<br \/>\n  La novedad, es que no s\u00f3lo se  presenta en un CD con 15 canciones, sino que adem\u00e1s est\u00e1 disponible en DVD,  para llevar a los hogares la magia de esas legendarias grabaciones.<br \/>&#13;<br \/>\n  \u00a0<br \/>&#13;<br \/>\n  Sin dudas, es el disco que  los seguidores de la serie MTV Unplugged esperaban para completar su colecci\u00f3n.<br \/>&#13;<br \/>\n  \u00a0<br \/>&#13;<br \/>\nAmbos discos estar\u00e1n a la  venta desde hoy martes 26 de agosto.\u00a0 <\/span><\/p>\n<p>&#13;<\/p>\n<h6> 2008-08-26 18:18:51 <\/h6>\n<p><!--\n<link rel=\"stylesheet\" href=\"css\/bootstrap.min.css\">\n\n\n<ul class=\"pagination\">\n\t    \n\t\n\n<li >\n\t<a href='?page_no=21079'>Previous<\/a>\n\t<\/li>\n\n\n       \n    \n\n<li><a href='?page_no=1'>1<\/a><\/li>\n\n\n\n<li><a href='?page_no=2'>2<\/a><\/li>\n\n\n\n<li><a>...<\/a><\/li>\n\n\n\n<li><a href='?page_no=21078'>21078<\/a><\/li>\n\n\n\n<li><a href='?page_no=21079'>21079<\/a><\/li>\n\n\n\n<li class='active'><a>21080<\/a><\/li>\n\n\n\n<li><a href='?page_no=21081'>21081<\/a><\/li>\n\n\n\n<li><a href='?page_no=21082'>21082<\/a><\/li>\n\n\n\n<li><a>...<\/a><\/li>\n\n\n\n<li><a href='?page_no=22522'>22522<\/a><\/li>\n\n\n\n<li><a href='?page_no=22523'>22523<\/a><\/li>\n\n    \n\t\n\n<li >\n\t<a href='?page_no=21081'>Next<\/a>\n\t<\/li>\n\n\n    \n\n<li><a href='?page_no=22523'>Last &rsaquo;&rsaquo;<\/a><\/li>\n\n<\/ul>\n\n\n--><br \/>\n<\/body><\/p>\n","protected":false},"excerpt":{"rendered":"<p>\u201cLo Mejor de MTV Unplugged\u201d el disco m\u00e1s esperado&#13; \u00a0&#13; Miami, FL.- Una de las sorpresas discogr\u00e1ficas de este verano es el lanzamiento de \u201cLo Mejor De MTV Unplugged\u201d, un \u00e1lbum que re\u00fane a los artistas latinos que han pasado por los estudios de MTV para registrar su famosa serie de discos en vivo.&#13; \u00a0&#13; [&hellip;]<\/p>\n","protected":false},"author":3,"featured_media":0,"comment_status":"open","ping_status":"open","sticky":false,"template":"","format":"standard","meta":{"footnotes":""},"categories":[25],"tags":[],"class_list":["post-92458","post","type-post","status-publish","format-standard","hentry","category-gente"],"_links":{"self":[{"href":"https:\/\/diariodominicano.com\/index.php?rest_route=\/wp\/v2\/posts\/92458","targetHints":{"allow":["GET"]}}],"collection":[{"href":"https:\/\/diariodominicano.com\/index.php?rest_route=\/wp\/v2\/posts"}],"about":[{"href":"https:\/\/diariodominicano.com\/index.php?rest_route=\/wp\/v2\/types\/post"}],"author":[{"embeddable":true,"href":"https:\/\/diariodominicano.com\/index.php?rest_route=\/wp\/v2\/users\/3"}],"replies":[{"embeddable":true,"href":"https:\/\/diariodominicano.com\/index.php?rest_route=%2Fwp%2Fv2%2Fcomments&post=92458"}],"version-history":[{"count":0,"href":"https:\/\/diariodominicano.com\/index.php?rest_route=\/wp\/v2\/posts\/92458\/revisions"}],"wp:attachment":[{"href":"https:\/\/diariodominicano.com\/index.php?rest_route=%2Fwp%2Fv2%2Fmedia&parent=92458"}],"wp:term":[{"taxonomy":"category","embeddable":true,"href":"https:\/\/diariodominicano.com\/index.php?rest_route=%2Fwp%2Fv2%2Fcategories&post=92458"},{"taxonomy":"post_tag","embeddable":true,"href":"https:\/\/diariodominicano.com\/index.php?rest_route=%2Fwp%2Fv2%2Ftags&post=92458"}],"curies":[{"name":"wp","href":"https:\/\/api.w.org\/{rel}","templated":true}]}}