{"id":92456,"date":"2008-08-26T18:35:57","date_gmt":"2008-08-26T18:35:57","guid":{"rendered":"http:\/\/diariodominicano.ddns.net\/?p=92456"},"modified":"2008-08-26T18:35:57","modified_gmt":"2008-08-26T18:35:57","slug":"wason-brazoban-se-presento-con-exito-en-el-shea-stadium","status":"publish","type":"post","link":"https:\/\/diariodominicano.com\/?p=92456","title":{"rendered":"Wason Brazob\u00e1n se present\u00f3 con \u00e9xito en el Shea Stadium"},"content":{"rendered":"<p><body><\/p>\n<p align=\"justify\"><span class=\"titulogrande1\">Wason Brazob\u00e1n se present\u00f3  con \u00e9xito en el Shea Stadium<\/span><br \/>&#13;<br \/>\n\u00a0<br \/>&#13;<br \/>\n<span class=\"text1noticias\"><strong><img loading=\"lazy\" decoding=\"async\" src=\"http:\/\/localhost:8080\/gente\/img\/waso estadio.jpg\" width=\"375\" height=\"282\" hspace=\"4\" align=\"left\" \/>Miami, FL.-<\/strong> Una de las j\u00f3venes promesas de la m\u00fasica latinoamericana, el dominicano  Wason Brazob\u00e1n, contin\u00faa demostrando su gran talento con la deslumbrante  presentaci\u00f3n realizada en la \u201cFiesta Latina\u201d, celebrada el pasado viernes en el  estadio Shea Stadium en la ciudad de Nueva York.<br \/>&#13;<br \/>\n  \u00a0<br \/>&#13;<br \/>\n  Esta actividad, que es  organizada cada a\u00f1o por la organizaci\u00f3n de los Mets de Nueva York, se convirti\u00f3  en un derroche de energ\u00eda y buena m\u00fasica, donde Brazob\u00e1n, junto \u201cEl Gallo de la Salsa\u201d, Tito Rojas, dieron  c\u00e1tedras de la m\u00e1s alta expresi\u00f3n del arte musical latino.<br \/>&#13;<br \/>\n  \u00a0<br \/>&#13;<br \/>\n  Asimismo, el int\u00e9rprete fue  una de las principales personalidades de la \u201cGran Parada Dominicana\u201d de Nueva  York, donde se dieron cita miles de personas miembros de esta importante  comunidad, convirti\u00e9ndose en una de las ediciones m\u00e1s concurridas de la  historia.<br \/>&#13;<br \/>\n  \u00a0<br \/>&#13;<br \/>\n  Wason contin\u00faa las  actividades promocionales de su m\u00e1s reciente disco \u201cArmadura de Rosas\u201d, donde  se conocen las canciones \u201cCon las manos vac\u00edas\u201d, \u201cSe muri\u00f3 de pena\u201d y el \u00e9xito  radial \u201cEn un solo d\u00eda\u201d, entre otras. <br \/>&#13;<br \/>\n  \u00a0<br \/>&#13;<br \/>\nEsta producci\u00f3n discogr\u00e1fica  es un lanzamiento de Premium Latin Music.<\/span><\/p>\n<p>&#13;<\/p>\n<h6> 2008-08-26 18:35:57 <\/h6>\n<p><!--\n<link rel=\"stylesheet\" href=\"css\/bootstrap.min.css\">\n\n\n<ul class=\"pagination\">\n\t    \n\t\n\n<li >\n\t<a href='?page_no=21077'>Previous<\/a>\n\t<\/li>\n\n\n       \n    \n\n<li><a href='?page_no=1'>1<\/a><\/li>\n\n\n\n<li><a href='?page_no=2'>2<\/a><\/li>\n\n\n\n<li><a>...<\/a><\/li>\n\n\n\n<li><a href='?page_no=21076'>21076<\/a><\/li>\n\n\n\n<li><a href='?page_no=21077'>21077<\/a><\/li>\n\n\n\n<li class='active'><a>21078<\/a><\/li>\n\n\n\n<li><a href='?page_no=21079'>21079<\/a><\/li>\n\n\n\n<li><a href='?page_no=21080'>21080<\/a><\/li>\n\n\n\n<li><a>...<\/a><\/li>\n\n\n\n<li><a href='?page_no=22522'>22522<\/a><\/li>\n\n\n\n<li><a href='?page_no=22523'>22523<\/a><\/li>\n\n    \n\t\n\n<li >\n\t<a href='?page_no=21079'>Next<\/a>\n\t<\/li>\n\n\n    \n\n<li><a href='?page_no=22523'>Last &rsaquo;&rsaquo;<\/a><\/li>\n\n<\/ul>\n\n\n--><br \/>\n<\/body><\/p>\n","protected":false},"excerpt":{"rendered":"<p>Wason Brazob\u00e1n se present\u00f3 con \u00e9xito en el Shea Stadium&#13; \u00a0&#13; Miami, FL.- Una de las j\u00f3venes promesas de la m\u00fasica latinoamericana, el dominicano Wason Brazob\u00e1n, contin\u00faa demostrando su gran talento con la deslumbrante presentaci\u00f3n realizada en la \u201cFiesta Latina\u201d, celebrada el pasado viernes en el estadio Shea Stadium en la ciudad de Nueva York.&#13; [&hellip;]<\/p>\n","protected":false},"author":3,"featured_media":0,"comment_status":"open","ping_status":"open","sticky":false,"template":"","format":"standard","meta":{"footnotes":""},"categories":[25],"tags":[],"class_list":["post-92456","post","type-post","status-publish","format-standard","hentry","category-gente"],"_links":{"self":[{"href":"https:\/\/diariodominicano.com\/index.php?rest_route=\/wp\/v2\/posts\/92456","targetHints":{"allow":["GET"]}}],"collection":[{"href":"https:\/\/diariodominicano.com\/index.php?rest_route=\/wp\/v2\/posts"}],"about":[{"href":"https:\/\/diariodominicano.com\/index.php?rest_route=\/wp\/v2\/types\/post"}],"author":[{"embeddable":true,"href":"https:\/\/diariodominicano.com\/index.php?rest_route=\/wp\/v2\/users\/3"}],"replies":[{"embeddable":true,"href":"https:\/\/diariodominicano.com\/index.php?rest_route=%2Fwp%2Fv2%2Fcomments&post=92456"}],"version-history":[{"count":0,"href":"https:\/\/diariodominicano.com\/index.php?rest_route=\/wp\/v2\/posts\/92456\/revisions"}],"wp:attachment":[{"href":"https:\/\/diariodominicano.com\/index.php?rest_route=%2Fwp%2Fv2%2Fmedia&parent=92456"}],"wp:term":[{"taxonomy":"category","embeddable":true,"href":"https:\/\/diariodominicano.com\/index.php?rest_route=%2Fwp%2Fv2%2Fcategories&post=92456"},{"taxonomy":"post_tag","embeddable":true,"href":"https:\/\/diariodominicano.com\/index.php?rest_route=%2Fwp%2Fv2%2Ftags&post=92456"}],"curies":[{"name":"wp","href":"https:\/\/api.w.org\/{rel}","templated":true}]}}