{"id":92455,"date":"2008-08-27T18:32:56","date_gmt":"2008-08-27T18:32:56","guid":{"rendered":"http:\/\/diariodominicano.ddns.net\/?p=92455"},"modified":"2008-08-27T18:32:56","modified_gmt":"2008-08-27T18:32:56","slug":"la-cancion-ayer-cuando-te-vi-de-leny-promueve-telenovelas-de-telemundo","status":"publish","type":"post","link":"https:\/\/diariodominicano.com\/?p=92455","title":{"rendered":"La canci\u00f3n \u00abAyer cuando te vi\u00bb,  de Leny, promueve telenovelas de Telemundo"},"content":{"rendered":"<p><body><\/p>\n<p align=\"justify\"><span class=\"titulogrande1\">La canci\u00f3n \u00abAyer cuando  te vi\u00bb, de Leny, promueve  telenovelas de Telemundo<\/span><br \/>&#13;<br \/>\n  \u00a0<br \/>&#13;<br \/>\n  <span class=\"text1noticias\"><strong><img loading=\"lazy\" decoding=\"async\" src=\"http:\/\/localhost:8080\/gente\/img\/leny concert.jpg\" width=\"375\" height=\"1125\" hspace=\"4\" align=\"left\" \/>Santo Domingo.-<\/strong> El tema \u00abAyer cuando te vi\u00bb, del cantante dominicano  Leny es tomado por la cadena de televisi\u00f3n Telemundo Internacional para  musicalizar las promociones de sus telenovelas. <br \/>&#13;<br \/>\n  \u00a0<br \/>&#13;<br \/>\n\u00abLa canci\u00f3n rota de  forma permanente en la programaci\u00f3n de la cadena hispana, agregando valor al  posicionamiento del tema entre los latinos residentes en Estados Unidos\u00bb,  inform\u00f3 el manager del artista, Dister Arias.<br \/>&#13;<br \/>\n  \u00a0<br \/>&#13;<br \/>\n  \u00abEsto constituye una  promoci\u00f3n extraordinaria para nuestro tema porque nos difunde por toda la Uni\u00f3n Americana y  Latinoam\u00e9rica\u00bb, refiere Leny, cantante que debut\u00f3 como solista el pasado  mes de mayo.<br \/>&#13;<br \/>\n  \u00a0<br \/>&#13;<br \/>\n  En otro orden, la revelaci\u00f3n  de la bachata pop, se siente complacido con su actuaci\u00f3n el pasado fin de  semana en el Palacio de los Deportes de Santo Domingo donde abri\u00f3 el concierto  \u00abEncuentro entre dos Grandes\u00bb.<br \/>&#13;<br \/>\n  \u00a0<br \/>&#13;<br \/>\n  Leny, responsable de iniciar  el espect\u00e1culo que ofrecieron Gilberto Santa Rosa y Cristian Castro, en la  capital dominicana, dio muestras de un dominio esc\u00e9nico impresionante,  resultado de sus seis a\u00f1os como miembro del grupo Ilegales.<br \/>&#13;<br \/>\n  \u00a0<br \/>&#13;<br \/>\n  El tambi\u00e9n ex integrante del  grupo \u00abSin Fronteras\u00bb, apareci\u00f3 en escena con la versi\u00f3n en Bachata  del tema \u00abPobre Coraz\u00f3n\u00bb del boricua Divino y luego prosigui\u00f3 con el  sencillo \u00abSiento\u00bb, finalizando su actuaci\u00f3n con el tema debut de su  carrera \u00abAyer cuando te vi\u00bb, que acompa\u00f1\u00f3 con un cuerpo de baile en  el que figur\u00f3 Ariel Fern\u00e1ndez, ganador del reality show \u00abQui\u00e9n baila  Mejor?\u00bb .<br \/>&#13;<br \/>\n  \u00a0<br \/>&#13;<br \/>\n  El artista nacido en San Jos\u00e9  de Ocoa, dice sentirse complacido con la acogida que recibi\u00f3 en el Palacio,  pues significa que su m\u00fasica sintoniza con la juventud.<br \/>&#13;<br \/>\n  \u00a0<br \/>&#13;<br \/>\n  \u00abConsidero que hicimos  el trabajo de preparar al p\u00fablico para recibir al \u00abCaballero de la Salsa\u00bb y al  \u00abGallito Feliz\u00bb en su encuentro musical.<br \/>&#13;<br \/>\n  \u00a0<br \/>&#13;<br \/>\n  Leny es considerado la nueva  promesa de la bachata pop, con un estilo rom\u00e1ntico pero desenfadado,  agreg\u00e1ndole colores nunca antes visto al ritmo ofreciendo un producto novedoso  y original.<br \/>&#13;<br \/>\n  \u00a0<br \/>&#13;<br \/>\n  Dado su talento, cuenta con  el apoyo de una de las principales casas disqueras del mundo como lo es  Universal Music Latino.<\/span><\/p>\n<p>&#13;<\/p>\n<h6> 2008-08-27 18:32:56 <\/h6>\n<p><!--\n<link rel=\"stylesheet\" href=\"css\/bootstrap.min.css\">\n\n\n<ul class=\"pagination\">\n\t    \n\t\n\n<li >\n\t<a href='?page_no=21076'>Previous<\/a>\n\t<\/li>\n\n\n       \n    \n\n<li><a href='?page_no=1'>1<\/a><\/li>\n\n\n\n<li><a href='?page_no=2'>2<\/a><\/li>\n\n\n\n<li><a>...<\/a><\/li>\n\n\n\n<li><a href='?page_no=21075'>21075<\/a><\/li>\n\n\n\n<li><a href='?page_no=21076'>21076<\/a><\/li>\n\n\n\n<li class='active'><a>21077<\/a><\/li>\n\n\n\n<li><a href='?page_no=21078'>21078<\/a><\/li>\n\n\n\n<li><a href='?page_no=21079'>21079<\/a><\/li>\n\n\n\n<li><a>...<\/a><\/li>\n\n\n\n<li><a href='?page_no=22522'>22522<\/a><\/li>\n\n\n\n<li><a href='?page_no=22523'>22523<\/a><\/li>\n\n    \n\t\n\n<li >\n\t<a href='?page_no=21078'>Next<\/a>\n\t<\/li>\n\n\n    \n\n<li><a href='?page_no=22523'>Last &rsaquo;&rsaquo;<\/a><\/li>\n\n<\/ul>\n\n\n--><br \/>\n<\/body><\/p>\n","protected":false},"excerpt":{"rendered":"<p>La canci\u00f3n \u00abAyer cuando te vi\u00bb, de Leny, promueve telenovelas de Telemundo&#13; \u00a0&#13; Santo Domingo.- El tema \u00abAyer cuando te vi\u00bb, del cantante dominicano Leny es tomado por la cadena de televisi\u00f3n Telemundo Internacional para musicalizar las promociones de sus telenovelas. &#13; \u00a0&#13; \u00abLa canci\u00f3n rota de forma permanente en la programaci\u00f3n de la cadena [&hellip;]<\/p>\n","protected":false},"author":3,"featured_media":0,"comment_status":"open","ping_status":"open","sticky":false,"template":"","format":"standard","meta":{"footnotes":""},"categories":[25],"tags":[],"class_list":["post-92455","post","type-post","status-publish","format-standard","hentry","category-gente"],"_links":{"self":[{"href":"https:\/\/diariodominicano.com\/index.php?rest_route=\/wp\/v2\/posts\/92455","targetHints":{"allow":["GET"]}}],"collection":[{"href":"https:\/\/diariodominicano.com\/index.php?rest_route=\/wp\/v2\/posts"}],"about":[{"href":"https:\/\/diariodominicano.com\/index.php?rest_route=\/wp\/v2\/types\/post"}],"author":[{"embeddable":true,"href":"https:\/\/diariodominicano.com\/index.php?rest_route=\/wp\/v2\/users\/3"}],"replies":[{"embeddable":true,"href":"https:\/\/diariodominicano.com\/index.php?rest_route=%2Fwp%2Fv2%2Fcomments&post=92455"}],"version-history":[{"count":0,"href":"https:\/\/diariodominicano.com\/index.php?rest_route=\/wp\/v2\/posts\/92455\/revisions"}],"wp:attachment":[{"href":"https:\/\/diariodominicano.com\/index.php?rest_route=%2Fwp%2Fv2%2Fmedia&parent=92455"}],"wp:term":[{"taxonomy":"category","embeddable":true,"href":"https:\/\/diariodominicano.com\/index.php?rest_route=%2Fwp%2Fv2%2Fcategories&post=92455"},{"taxonomy":"post_tag","embeddable":true,"href":"https:\/\/diariodominicano.com\/index.php?rest_route=%2Fwp%2Fv2%2Ftags&post=92455"}],"curies":[{"name":"wp","href":"https:\/\/api.w.org\/{rel}","templated":true}]}}