{"id":92453,"date":"2008-08-27T18:42:56","date_gmt":"2008-08-27T18:42:56","guid":{"rendered":"http:\/\/diariodominicano.ddns.net\/?p=92453"},"modified":"2008-08-27T18:42:56","modified_gmt":"2008-08-27T18:42:56","slug":"entregara-mochilas","status":"publish","type":"post","link":"https:\/\/diariodominicano.com\/?p=92453","title":{"rendered":"Entregar\u00e1 Mochilas"},"content":{"rendered":"<p><body><\/p>\n<p class=\"titulogrande1\">Entregar\u00e1 Mochilas<\/p>\n<p>&#13;<\/p>\n<p align=\"justify\" class=\"text1noticias\"><img loading=\"lazy\" decoding=\"async\" src=\"http:\/\/localhost:8080\/gente\/img\/telesistema.jpg\" width=\"375\" height=\"151\" hspace=\"4\" align=\"left\" \/>Este s\u00e1bado, 30 de agosto, \u00a0todos los ni\u00f1os y j\u00f3venes entre 5 y 17 a\u00f1os  tienen una cita con Telesistema, canal 11, para armar su mochila escolar.<\/p>\n<p>&#13;<\/p>\n<p align=\"justify\" class=\"text1noticias\">\u00a1S\u00ed!, a partir de las 9 de la ma\u00f1ana  Telesistema estar\u00e1 obsequiando a los ni\u00f1os y j\u00f3venes, que vengan acompa\u00f1ados de  sus padres, cuadernos escolares para un divertido inicio de clases.<\/p>\n<p>&#13;<\/p>\n<p align=\"justify\" class=\"text1noticias\">La actividad se llevar\u00e1 acabo en el  parqueo del canal, en donde talentos del canal estar\u00e1n apoyando este evento,  que busca contribuir con la educaci\u00f3n de los ni\u00f1os y j\u00f3venes dominicanos.<\/p>\n<p>&#13;<\/p>\n<p align=\"justify\" class=\"text1noticias\">Habr\u00e1, m\u00fasica y otras sorpresas para  amenizar esta actividad, cuya finalidad es ayudar a las familias m\u00e1s  necesitadas a armar la lista de \u00fatiles escolares de sus ni\u00f1os.<\/p>\n<p>&#13;<\/p>\n<h6> 2008-08-27 18:42:56 <\/h6>\n<p><!--\n<link rel=\"stylesheet\" href=\"css\/bootstrap.min.css\">\n\n\n<ul class=\"pagination\">\n\t    \n\t\n\n<li >\n\t<a href='?page_no=21074'>Previous<\/a>\n\t<\/li>\n\n\n       \n    \n\n<li><a href='?page_no=1'>1<\/a><\/li>\n\n\n\n<li><a href='?page_no=2'>2<\/a><\/li>\n\n\n\n<li><a>...<\/a><\/li>\n\n\n\n<li><a href='?page_no=21073'>21073<\/a><\/li>\n\n\n\n<li><a href='?page_no=21074'>21074<\/a><\/li>\n\n\n\n<li class='active'><a>21075<\/a><\/li>\n\n\n\n<li><a href='?page_no=21076'>21076<\/a><\/li>\n\n\n\n<li><a href='?page_no=21077'>21077<\/a><\/li>\n\n\n\n<li><a>...<\/a><\/li>\n\n\n\n<li><a href='?page_no=22522'>22522<\/a><\/li>\n\n\n\n<li><a href='?page_no=22523'>22523<\/a><\/li>\n\n    \n\t\n\n<li >\n\t<a href='?page_no=21076'>Next<\/a>\n\t<\/li>\n\n\n    \n\n<li><a href='?page_no=22523'>Last &rsaquo;&rsaquo;<\/a><\/li>\n\n<\/ul>\n\n\n--><br \/>\n<\/body><\/p>\n","protected":false},"excerpt":{"rendered":"<p>Entregar\u00e1 Mochilas &#13; Este s\u00e1bado, 30 de agosto, \u00a0todos los ni\u00f1os y j\u00f3venes entre 5 y 17 a\u00f1os tienen una cita con Telesistema, canal 11, para armar su mochila escolar. &#13; \u00a1S\u00ed!, a partir de las 9 de la ma\u00f1ana Telesistema estar\u00e1 obsequiando a los ni\u00f1os y j\u00f3venes, que vengan acompa\u00f1ados de sus padres, cuadernos [&hellip;]<\/p>\n","protected":false},"author":3,"featured_media":0,"comment_status":"open","ping_status":"open","sticky":false,"template":"","format":"standard","meta":{"footnotes":""},"categories":[25],"tags":[],"class_list":["post-92453","post","type-post","status-publish","format-standard","hentry","category-gente"],"_links":{"self":[{"href":"https:\/\/diariodominicano.com\/index.php?rest_route=\/wp\/v2\/posts\/92453","targetHints":{"allow":["GET"]}}],"collection":[{"href":"https:\/\/diariodominicano.com\/index.php?rest_route=\/wp\/v2\/posts"}],"about":[{"href":"https:\/\/diariodominicano.com\/index.php?rest_route=\/wp\/v2\/types\/post"}],"author":[{"embeddable":true,"href":"https:\/\/diariodominicano.com\/index.php?rest_route=\/wp\/v2\/users\/3"}],"replies":[{"embeddable":true,"href":"https:\/\/diariodominicano.com\/index.php?rest_route=%2Fwp%2Fv2%2Fcomments&post=92453"}],"version-history":[{"count":0,"href":"https:\/\/diariodominicano.com\/index.php?rest_route=\/wp\/v2\/posts\/92453\/revisions"}],"wp:attachment":[{"href":"https:\/\/diariodominicano.com\/index.php?rest_route=%2Fwp%2Fv2%2Fmedia&parent=92453"}],"wp:term":[{"taxonomy":"category","embeddable":true,"href":"https:\/\/diariodominicano.com\/index.php?rest_route=%2Fwp%2Fv2%2Fcategories&post=92453"},{"taxonomy":"post_tag","embeddable":true,"href":"https:\/\/diariodominicano.com\/index.php?rest_route=%2Fwp%2Fv2%2Ftags&post=92453"}],"curies":[{"name":"wp","href":"https:\/\/api.w.org\/{rel}","templated":true}]}}