{"id":92452,"date":"2008-08-27T18:47:31","date_gmt":"2008-08-27T18:47:31","guid":{"rendered":"http:\/\/diariodominicano.ddns.net\/?p=92452"},"modified":"2008-08-27T18:47:31","modified_gmt":"2008-08-27T18:47:31","slug":"ivonne-haza-ofrecera-recital-de-verano-en-apec","status":"publish","type":"post","link":"https:\/\/diariodominicano.com\/?p=92452","title":{"rendered":"Ivonne Haza ofrecer\u00e1 \u00abRecital de Verano\u00bb en APEC"},"content":{"rendered":"<p><body><\/p>\n<p align=\"justify\"><span class=\"titulogrande1\">Ivonne Haza ofrecer\u00e1 \u00abRecital  de Verano\u00bb en APEC<\/span><br \/>&#13;<br \/>\n  \u00a0<br \/>&#13;<br \/>\n  <span class=\"text1noticias\"><strong>SANTO DOMINGO.- <\/strong>El Consejo de  Directores de Acci\u00f3n Pro Educaci\u00f3n y Cultura (APEC) y el programa APEC Cultural  realizar\u00e1n este jueves 28 de agosto el \u00abRecital de Verano 2008\u00bb, el  cual contar\u00e1 con las interpretaciones de Ivonne Haza y un repertorio de  canciones y criollas.<br \/>&#13;<br \/>\n  \u00a0<br \/>&#13;<br \/>\n  El recital se llevar\u00e1 a cabo  a partir de las 8:30 de la noche, en el auditorio doctor Leonel Rodr\u00edguez Rib,  de la Universidad   Apec (UNAPEC) ubicado la avenida M\u00e1ximo G\u00f3mez, n\u00famero 72, encabezado  por el arquitecto C\u00e9sar Iv\u00e1n Feris Iglesias, presidente del programa APEC  Cultural.<br \/>&#13;<br \/>\n  \u00a0<br \/>&#13;<br \/>\n  La soprano Ivonne Haza estar\u00e1  acompa\u00f1ada en el piano por el maestro Ram\u00f3n D\u00edaz, quienes har\u00e1n un d\u00fao perfecto  que deleitar\u00e1 a los presentes.<br \/>&#13;<br \/>\n  \u00a0<br \/>&#13;<br \/>\n  El programa de la noche  incluir\u00e1 un repertorio de canciones como la salve Camina Virgen Mar\u00eda, la copla  r\u00fastica Virgen Sant\u00edsima y la criolla anhelos.<br \/>&#13;<br \/>\n  \u00a0<br \/>&#13;<br \/>\n  Asimismo, la canci\u00f3n criolla  Persuasi\u00f3n sue\u00f1os, la criolla Margarita del campo, la danza quisqueyana  Manantial, la serenata plenilunio, la criolla de la zarzuela la bruta de la  loma, lamento, eres todo en mi vida y suite en miniatura.<br \/>&#13;<br \/>\n  \u00a0<br \/>&#13;<br \/>\n  Adem\u00e1s, el sarambo canto yo,  la mangulina pajarito cantador, el merengue juangomero, la tonada-merengue  morena y el guarapo Jos\u00e9 Clemente.<br \/>&#13;<br \/>\n  \u00a0<br \/>&#13;<br \/>\n  Ivonne Haza es un emblema  sonoro de la   Rep\u00fablica Dominicana, naci\u00f3 en San Pedro de Macor\u00eds y estudio  en el Conservatorio de M\u00fasica de Santa Cecila de Roma.<br \/>&#13;<br \/>\n  \u00a0<br \/>&#13;<br \/>\n  Ha sido condecorada con la Orden de Duarte, S\u00e1nchez y  Mella y emblema sonoro, por la   C\u00e1mara de Diputados.<br \/>&#13;<br \/>\n  \u00a0<br \/>&#13;<br \/>\n  El gobierno italiano le  otorg\u00f3 la Orden  de Caballero al M\u00e9rito y el franc\u00e9s el Grado de Caballero de las Artes y las  Letras.<br \/>&#13;<br \/>\n  \u00a0<br \/>&#13;<br \/>\n La Academia de Ciencias de la Rep\u00fablica Dominicana  la reconoci\u00f3 con el M\u00e9rito C\u00edvico y la Universidad Aut\u00f3noma  de Santo Domingo la nombr\u00f3 Profesora Honoraria de la Facultad de Humanidades.  En el 2001 se le impuso la   Medalla al M\u00e9rito de la Mujer.<\/span><\/p>\n<p>&#13;<\/p>\n<h6> 2008-08-27 18:47:31 <\/h6>\n<p><!--\n<link rel=\"stylesheet\" href=\"css\/bootstrap.min.css\">\n\n\n<ul class=\"pagination\">\n\t    \n\t\n\n<li >\n\t<a href='?page_no=21073'>Previous<\/a>\n\t<\/li>\n\n\n       \n    \n\n<li><a href='?page_no=1'>1<\/a><\/li>\n\n\n\n<li><a href='?page_no=2'>2<\/a><\/li>\n\n\n\n<li><a>...<\/a><\/li>\n\n\n\n<li><a href='?page_no=21072'>21072<\/a><\/li>\n\n\n\n<li><a href='?page_no=21073'>21073<\/a><\/li>\n\n\n\n<li class='active'><a>21074<\/a><\/li>\n\n\n\n<li><a href='?page_no=21075'>21075<\/a><\/li>\n\n\n\n<li><a href='?page_no=21076'>21076<\/a><\/li>\n\n\n\n<li><a>...<\/a><\/li>\n\n\n\n<li><a href='?page_no=22522'>22522<\/a><\/li>\n\n\n\n<li><a href='?page_no=22523'>22523<\/a><\/li>\n\n    \n\t\n\n<li >\n\t<a href='?page_no=21075'>Next<\/a>\n\t<\/li>\n\n\n    \n\n<li><a href='?page_no=22523'>Last &rsaquo;&rsaquo;<\/a><\/li>\n\n<\/ul>\n\n\n--><br \/>\n<\/body><\/p>\n","protected":false},"excerpt":{"rendered":"<p>Ivonne Haza ofrecer\u00e1 \u00abRecital de Verano\u00bb en APEC&#13; \u00a0&#13; SANTO DOMINGO.- El Consejo de Directores de Acci\u00f3n Pro Educaci\u00f3n y Cultura (APEC) y el programa APEC Cultural realizar\u00e1n este jueves 28 de agosto el \u00abRecital de Verano 2008\u00bb, el cual contar\u00e1 con las interpretaciones de Ivonne Haza y un repertorio de canciones y criollas.&#13; \u00a0&#13; [&hellip;]<\/p>\n","protected":false},"author":3,"featured_media":0,"comment_status":"open","ping_status":"open","sticky":false,"template":"","format":"standard","meta":{"footnotes":""},"categories":[25],"tags":[],"class_list":["post-92452","post","type-post","status-publish","format-standard","hentry","category-gente"],"_links":{"self":[{"href":"https:\/\/diariodominicano.com\/index.php?rest_route=\/wp\/v2\/posts\/92452","targetHints":{"allow":["GET"]}}],"collection":[{"href":"https:\/\/diariodominicano.com\/index.php?rest_route=\/wp\/v2\/posts"}],"about":[{"href":"https:\/\/diariodominicano.com\/index.php?rest_route=\/wp\/v2\/types\/post"}],"author":[{"embeddable":true,"href":"https:\/\/diariodominicano.com\/index.php?rest_route=\/wp\/v2\/users\/3"}],"replies":[{"embeddable":true,"href":"https:\/\/diariodominicano.com\/index.php?rest_route=%2Fwp%2Fv2%2Fcomments&post=92452"}],"version-history":[{"count":0,"href":"https:\/\/diariodominicano.com\/index.php?rest_route=\/wp\/v2\/posts\/92452\/revisions"}],"wp:attachment":[{"href":"https:\/\/diariodominicano.com\/index.php?rest_route=%2Fwp%2Fv2%2Fmedia&parent=92452"}],"wp:term":[{"taxonomy":"category","embeddable":true,"href":"https:\/\/diariodominicano.com\/index.php?rest_route=%2Fwp%2Fv2%2Fcategories&post=92452"},{"taxonomy":"post_tag","embeddable":true,"href":"https:\/\/diariodominicano.com\/index.php?rest_route=%2Fwp%2Fv2%2Ftags&post=92452"}],"curies":[{"name":"wp","href":"https:\/\/api.w.org\/{rel}","templated":true}]}}