{"id":92450,"date":"2008-08-27T23:50:58","date_gmt":"2008-08-27T23:50:58","guid":{"rendered":"http:\/\/diariodominicano.ddns.net\/?p=92450"},"modified":"2008-08-27T23:50:58","modified_gmt":"2008-08-27T23:50:58","slug":"mexicanisimo-la-musica-ranchera-tiene-su-propia-coleccion","status":"publish","type":"post","link":"https:\/\/diariodominicano.com\/?p=92450","title":{"rendered":"\u201cMexican\u00edsimo\u201d la m\u00fasica ranchera tiene su propia colecci\u00f3n"},"content":{"rendered":"<p><body><\/p>\n<p class=\"titulogrande1\"><strong>\u201cMexican\u00edsimo\u201d la m\u00fasica ranchera tiene su propia  colecci\u00f3n<\/strong> <\/p>\n<p>&#13;<\/p>\n<p align=\"justify\" class=\"text1noticias\"><strong><img loading=\"lazy\" decoding=\"async\" src=\"http:\/\/localhost:8080\/gente\/img\/mexicanisimo.jpg\" width=\"375\" height=\"510\" hspace=\"4\" align=\"left\" \/>Miami,  FL.- <\/strong>Sony BMG Latin honra la m\u00fasica de M\u00e9xico con el  lanzamiento de una colecci\u00f3n que re\u00fane lo mejor de lo mejor de las grandes  luminarias del g\u00e9nero de la ranchera. Canciones e int\u00e9rpretes de lujo se  reeditan con 20 nuevos t\u00edtulos de la colecci\u00f3n \u201cMexican\u00edsimo\u201d.<br \/>&#13;<br \/>\n  <br \/>&#13;<br \/>\n    <strong>Jos\u00e9 Alfredo Jim\u00e9nez, Javier Sol\u00eds, Miguel  Aceves Mej\u00eda, Cuco S\u00e1nchez, Felipe Arriaga, Yolanda Del R\u00edo, Los Alegres De  Ter\u00e1n, Las Jilguerillas, Los Dos Oros<\/strong> y el <strong>Dueto R\u00edo Bravo<\/strong> son s\u00f3lo  algunos de los nombres que enriquecer\u00e1n las discotecas de los amantes del  g\u00e9nero o servir\u00e1n para que las nuevas generaciones puedan conocer sus  verdaderas ra\u00edces familiares.<br \/>&#13;<br \/>\n    <br \/>&#13;<br \/>\n  Cada disco contiene  15 de las canciones m\u00e1s importantes de cada artista en un empaque ecol\u00f3gico  realizado con materiales biodegradables y a un precio sin competencia. <br \/>&#13;<br \/>\n  <br \/>&#13;<br \/>\n  \u201cMexican\u00edsimo\u201d es  una colecci\u00f3n para completarla hasta tener estos 20 discos y honrar la  tradici\u00f3n de la tierra de los mariachis.<br \/>&#13;<br \/>\n  <br \/>&#13;<br \/>\nLos discos desde ya  se encuentran a la venta bajo el sello de Sony BMG Latin. <\/p>\n<p>&#13;<\/p>\n<h6> 2008-08-27 23:50:58 <\/h6>\n<p><!--\n<link rel=\"stylesheet\" href=\"css\/bootstrap.min.css\">\n\n\n<ul class=\"pagination\">\n\t    \n\t\n\n<li >\n\t<a href='?page_no=21071'>Previous<\/a>\n\t<\/li>\n\n\n       \n    \n\n<li><a href='?page_no=1'>1<\/a><\/li>\n\n\n\n<li><a href='?page_no=2'>2<\/a><\/li>\n\n\n\n<li><a>...<\/a><\/li>\n\n\n\n<li><a href='?page_no=21070'>21070<\/a><\/li>\n\n\n\n<li><a href='?page_no=21071'>21071<\/a><\/li>\n\n\n\n<li class='active'><a>21072<\/a><\/li>\n\n\n\n<li><a href='?page_no=21073'>21073<\/a><\/li>\n\n\n\n<li><a href='?page_no=21074'>21074<\/a><\/li>\n\n\n\n<li><a>...<\/a><\/li>\n\n\n\n<li><a href='?page_no=22522'>22522<\/a><\/li>\n\n\n\n<li><a href='?page_no=22523'>22523<\/a><\/li>\n\n    \n\t\n\n<li >\n\t<a href='?page_no=21073'>Next<\/a>\n\t<\/li>\n\n\n    \n\n<li><a href='?page_no=22523'>Last &rsaquo;&rsaquo;<\/a><\/li>\n\n<\/ul>\n\n\n--><br \/>\n<\/body><\/p>\n","protected":false},"excerpt":{"rendered":"<p>\u201cMexican\u00edsimo\u201d la m\u00fasica ranchera tiene su propia colecci\u00f3n &#13; Miami, FL.- Sony BMG Latin honra la m\u00fasica de M\u00e9xico con el lanzamiento de una colecci\u00f3n que re\u00fane lo mejor de lo mejor de las grandes luminarias del g\u00e9nero de la ranchera. Canciones e int\u00e9rpretes de lujo se reeditan con 20 nuevos t\u00edtulos de la colecci\u00f3n [&hellip;]<\/p>\n","protected":false},"author":3,"featured_media":0,"comment_status":"open","ping_status":"open","sticky":false,"template":"","format":"standard","meta":{"footnotes":""},"categories":[25],"tags":[],"class_list":["post-92450","post","type-post","status-publish","format-standard","hentry","category-gente"],"_links":{"self":[{"href":"https:\/\/diariodominicano.com\/index.php?rest_route=\/wp\/v2\/posts\/92450","targetHints":{"allow":["GET"]}}],"collection":[{"href":"https:\/\/diariodominicano.com\/index.php?rest_route=\/wp\/v2\/posts"}],"about":[{"href":"https:\/\/diariodominicano.com\/index.php?rest_route=\/wp\/v2\/types\/post"}],"author":[{"embeddable":true,"href":"https:\/\/diariodominicano.com\/index.php?rest_route=\/wp\/v2\/users\/3"}],"replies":[{"embeddable":true,"href":"https:\/\/diariodominicano.com\/index.php?rest_route=%2Fwp%2Fv2%2Fcomments&post=92450"}],"version-history":[{"count":0,"href":"https:\/\/diariodominicano.com\/index.php?rest_route=\/wp\/v2\/posts\/92450\/revisions"}],"wp:attachment":[{"href":"https:\/\/diariodominicano.com\/index.php?rest_route=%2Fwp%2Fv2%2Fmedia&parent=92450"}],"wp:term":[{"taxonomy":"category","embeddable":true,"href":"https:\/\/diariodominicano.com\/index.php?rest_route=%2Fwp%2Fv2%2Fcategories&post=92450"},{"taxonomy":"post_tag","embeddable":true,"href":"https:\/\/diariodominicano.com\/index.php?rest_route=%2Fwp%2Fv2%2Ftags&post=92450"}],"curies":[{"name":"wp","href":"https:\/\/api.w.org\/{rel}","templated":true}]}}