{"id":92449,"date":"2008-08-28T16:31:52","date_gmt":"2008-08-28T16:31:52","guid":{"rendered":"http:\/\/diariodominicano.ddns.net\/?p=92449"},"modified":"2008-08-28T16:31:52","modified_gmt":"2008-08-28T16:31:52","slug":"la-pelicula-de-facebook-calienta-motores","status":"publish","type":"post","link":"https:\/\/diariodominicano.com\/?p=92449","title":{"rendered":"La pel\u00edcula de Facebook calienta motores"},"content":{"rendered":"<p><body><\/p>\n<p align=\"justify\"><strong class=\"titulogrande1\">La pel\u00edcula de Facebook calienta motores<\/strong><br \/>&#13;<br \/>\n  <br \/>&#13;<br \/>\n    <span class=\"text1noticias\">El creador de &#8216;El ala oeste de la Casa Blanca&#8217; ha entrado en el mundo de la  red social para preparar el gui\u00f3n de un filme <br \/>&#13;<br \/>\n    <br \/>&#13;<br \/>\n    <strong>ELPA\u00cdS.com<\/strong> &#8211; Madrid &#8211; 28\/08\/2008 <\/span><\/p>\n<p>&#13;<\/p>\n<p align=\"justify\" class=\"text1noticias\"><img loading=\"lazy\" decoding=\"async\" src=\"http:\/\/localhost:8080\/gente\/img\/facebook movie.jpg\" width=\"375\" height=\"375\" hspace=\"4\" align=\"left\" \/>Si un tal Aaron Sorkin quiere ser  tu amigo en Facebook, no dudes en aceptarlo. Lo m\u00e1s probable es que quiera  convertirte en estrella de Hollywood. Y es que Sorkin, que el creador de la  exitosa serie <em>El ala oeste de la Casa Blanca<\/em> y uno de los guionistas m\u00e1s  destacados de Los \u00c1ngeles, est\u00e1 en negociaciones para escribir el gui\u00f3n de una  pel\u00edcula que contar\u00e1 la historia de los fundadores de una de las redes social  con m\u00e1s miembros de Internet.<\/p>\n<p>&#13;<\/p>\n<p align=\"justify\" class=\"text1noticias\">La noticia la ha dado el mismo  Sorkin, que el mi\u00e9rcoles 28 de agosto abri\u00f3 su propia cuenta en Facebook para  adentrarse en su mundo virtual. En ella, el guionista escribe: \u00abHe visto  que hay mucha gente por ah\u00ed utilizando mi nombre en perfiles de Facebook, lo  cual me halaga m\u00e1s que me asusta, pero el que escribe aqu\u00ed soy yo. No s\u00e9 c\u00f3mo  puedo demostr\u00e1roslo, pero sent\u00edos libres de ponerme a prueba\u00bb.<br \/>&#13;<br \/>\n  <br \/>&#13;<br \/>\n  Luego, el prol\u00edfico productor de  televisi\u00f3n cuenta sus ideas de la pel\u00edcula y anima a los dem\u00e1s miembros a que  le env\u00eden historias relacionadas con el sitio. \u00abMe imagin\u00e9 que un buen  primer paso en mi preparaci\u00f3n ser\u00eda descubrir lo que es Facebook, as\u00ed que abr\u00ed  esta p\u00e1gina. (En realidad lo hizo mi investigador, Ian Reichbach, porque mi  abuela tiene m\u00e1s soltura en Internet que yo, y eso que lleva muerta 33  a\u00f1os)\u00bb.<br \/>&#13;<br \/>\n  <br \/>&#13;<br \/>\n  Si realmente va sobre los  fundadores de Facebook, la historia que contar\u00e1 la pel\u00edcula ser\u00e1 la de Mark  Zuckerberg, Dustin Moskovitz y Chris Hughes que, en 2004, mientras estudiaban  en Harvard, abrieron la red social para sus compa\u00f1eros de universidad. Luego se  abri\u00f3 para todas las universidades de la Liga Ivy, para luego expandirse a  todas las universidades e institutos de Estados Unidos y Canad\u00e1. As\u00ed, hasta  llegar al p\u00fablico mundial. Facebook hoy tiene m\u00e1s de 100 millones de usuarios  en todo el globo.<\/p>\n<p>&#13;<\/p>\n<h6> 2008-08-28 16:31:52 <\/h6>\n<p><!--\n<link rel=\"stylesheet\" href=\"css\/bootstrap.min.css\">\n\n\n<ul class=\"pagination\">\n\t    \n\t\n\n<li >\n\t<a href='?page_no=21070'>Previous<\/a>\n\t<\/li>\n\n\n       \n    \n\n<li><a href='?page_no=1'>1<\/a><\/li>\n\n\n\n<li><a href='?page_no=2'>2<\/a><\/li>\n\n\n\n<li><a>...<\/a><\/li>\n\n\n\n<li><a href='?page_no=21069'>21069<\/a><\/li>\n\n\n\n<li><a href='?page_no=21070'>21070<\/a><\/li>\n\n\n\n<li class='active'><a>21071<\/a><\/li>\n\n\n\n<li><a href='?page_no=21072'>21072<\/a><\/li>\n\n\n\n<li><a href='?page_no=21073'>21073<\/a><\/li>\n\n\n\n<li><a>...<\/a><\/li>\n\n\n\n<li><a href='?page_no=22522'>22522<\/a><\/li>\n\n\n\n<li><a href='?page_no=22523'>22523<\/a><\/li>\n\n    \n\t\n\n<li >\n\t<a href='?page_no=21072'>Next<\/a>\n\t<\/li>\n\n\n    \n\n<li><a href='?page_no=22523'>Last &rsaquo;&rsaquo;<\/a><\/li>\n\n<\/ul>\n\n\n--><br \/>\n<\/body><\/p>\n","protected":false},"excerpt":{"rendered":"<p>La pel\u00edcula de Facebook calienta motores&#13; &#13; El creador de &#8216;El ala oeste de la Casa Blanca&#8217; ha entrado en el mundo de la red social para preparar el gui\u00f3n de un filme &#13; &#13; ELPA\u00cdS.com &#8211; Madrid &#8211; 28\/08\/2008 &#13; Si un tal Aaron Sorkin quiere ser tu amigo en Facebook, no dudes en [&hellip;]<\/p>\n","protected":false},"author":3,"featured_media":0,"comment_status":"open","ping_status":"open","sticky":false,"template":"","format":"standard","meta":{"footnotes":""},"categories":[25],"tags":[],"class_list":["post-92449","post","type-post","status-publish","format-standard","hentry","category-gente"],"_links":{"self":[{"href":"https:\/\/diariodominicano.com\/index.php?rest_route=\/wp\/v2\/posts\/92449","targetHints":{"allow":["GET"]}}],"collection":[{"href":"https:\/\/diariodominicano.com\/index.php?rest_route=\/wp\/v2\/posts"}],"about":[{"href":"https:\/\/diariodominicano.com\/index.php?rest_route=\/wp\/v2\/types\/post"}],"author":[{"embeddable":true,"href":"https:\/\/diariodominicano.com\/index.php?rest_route=\/wp\/v2\/users\/3"}],"replies":[{"embeddable":true,"href":"https:\/\/diariodominicano.com\/index.php?rest_route=%2Fwp%2Fv2%2Fcomments&post=92449"}],"version-history":[{"count":0,"href":"https:\/\/diariodominicano.com\/index.php?rest_route=\/wp\/v2\/posts\/92449\/revisions"}],"wp:attachment":[{"href":"https:\/\/diariodominicano.com\/index.php?rest_route=%2Fwp%2Fv2%2Fmedia&parent=92449"}],"wp:term":[{"taxonomy":"category","embeddable":true,"href":"https:\/\/diariodominicano.com\/index.php?rest_route=%2Fwp%2Fv2%2Fcategories&post=92449"},{"taxonomy":"post_tag","embeddable":true,"href":"https:\/\/diariodominicano.com\/index.php?rest_route=%2Fwp%2Fv2%2Ftags&post=92449"}],"curies":[{"name":"wp","href":"https:\/\/api.w.org\/{rel}","templated":true}]}}