{"id":92447,"date":"2008-08-28T19:41:36","date_gmt":"2008-08-28T19:41:36","guid":{"rendered":"http:\/\/diariodominicano.ddns.net\/?p=92447"},"modified":"2008-08-28T19:41:36","modified_gmt":"2008-08-28T19:41:36","slug":"uasd-y-fundacion-de-danny-rivera-realizaran-evento-que-vivan-los-estudiantes","status":"publish","type":"post","link":"https:\/\/diariodominicano.com\/?p=92447","title":{"rendered":"UASD y Fundaci\u00f3n de Danny Rivera Realizar\u00e1n Evento \u201cQue Vivan los Estudiantes\u201d"},"content":{"rendered":"<p><body><\/p>\n<p align=\"justify\" class=\"titulogrande1\"><strong>UASD y  Fundaci\u00f3n de Danny Rivera Realizar\u00e1n Evento \u201cQue Vivan los  Estudiantes\u201d<\/strong><\/p>\n<p>&#13;<\/p>\n<p align=\"justify\" class=\"text1noticias\"><strong><img loading=\"lazy\" decoding=\"async\" src=\"http:\/\/localhost:8080\/gente\/img\/dany uasd.jpg\" width=\"375\" height=\"503\" hspace=\"4\" align=\"left\" \/>Santo Domingo.- <\/strong>La Facultad de Artes de la Universidad Aut\u00f3noma  de Santo Domingo conjuntamente con la Fundaci\u00f3n \u201cArte de Paz para Nuestra  Am\u00e9rica\u201d, del cantante Danny Rivera, presentar\u00e1n el evento cultural \u201cQue vivan  los estudiantes\u201d, una muestra al pa\u00eds y al mundo de todo el caudal art\u00edstico  que tiene esta academia.<\/p>\n<p>&#13;<\/p>\n<p align=\"justify\" class=\"text1noticias\">En visita al rector de la UASD, Franklin Garc\u00eda Ferm\u00edn,  el cantautor puertorrique\u00f1o, fundador de esta organizaci\u00f3n sin fines de lucro,  junto al pintor Pablo Marcano Garc\u00eda, explic\u00f3 que esta actividad, que ser\u00e1  efectuada en el Parque Independencia, ha sido concebida con el objeto de que  estudiantes y maestros se re\u00fanan para mostrar el poder de las artes en relaci\u00f3n  con la educaci\u00f3n.<\/p>\n<p>&#13;<\/p>\n<p align=\"justify\" class=\"text1noticias\">Agreg\u00f3 que escogieron a la UASD \u201cporque aqu\u00ed es donde se  imparte el conocimiento y porque nuestro trabajo es con las artes y las artes  se desarrollan en la universidad, y creemos que este es un basti\u00f3n importante  para desarrollar las artes a un nivel mucho m\u00e1s elevado que el solamente  intelectual, sino que las artes sirvan para desarrollar la capacidad humana,  intelectual, espiritual, colectiva, de fraternidad y hermandad entre maestro y  estudiantes, entre pueblos y universidad\u201d.<\/p>\n<p>&#13;<\/p>\n<p align=\"justify\" class=\"text1noticias\">Expres\u00f3 el reconocido artista  que la universidad \u201cprepara el nuevo pa\u00eds, la nueva Rep\u00fablica Dominicana que  todo el mundo quiere tener, y aqu\u00ed se forma ese proyecto con los estudiantes,  con las artes, con la medicina, pero sobre todo usando las artes para verlo  como el mejor arte de vivir y aqu\u00ed tenemos la oportunidad de desarrollarlo  ahora a partir de noviembre\u201d.<\/p>\n<p>&#13;<\/p>\n<p align=\"justify\" class=\"text1noticias\">La ONG \u201cArte de Paz para  Nuestra Am\u00e9rica\u201d, que tiene como prop\u00f3sito trabajar en bien de las artes y,  entre otros, otorgar becas a estudiantes de escasos recursos de Latinoam\u00e9rica,  tiene pautado entregar para el 27 de febrero del 2009, un libro de ensayo  basado en lo que es ser antillano, como un saludo de Puerto Rico y de todas las  antillas a la Independencia  de la Rep\u00fablica   Dominicana.<\/p>\n<p>&#13;<\/p>\n<h6> 2008-08-28 19:41:36 <\/h6>\n<p><!--\n<link rel=\"stylesheet\" href=\"css\/bootstrap.min.css\">\n\n\n<ul class=\"pagination\">\n\t    \n\t\n\n<li >\n\t<a href='?page_no=21068'>Previous<\/a>\n\t<\/li>\n\n\n       \n    \n\n<li><a href='?page_no=1'>1<\/a><\/li>\n\n\n\n<li><a href='?page_no=2'>2<\/a><\/li>\n\n\n\n<li><a>...<\/a><\/li>\n\n\n\n<li><a href='?page_no=21067'>21067<\/a><\/li>\n\n\n\n<li><a href='?page_no=21068'>21068<\/a><\/li>\n\n\n\n<li class='active'><a>21069<\/a><\/li>\n\n\n\n<li><a href='?page_no=21070'>21070<\/a><\/li>\n\n\n\n<li><a href='?page_no=21071'>21071<\/a><\/li>\n\n\n\n<li><a>...<\/a><\/li>\n\n\n\n<li><a href='?page_no=22522'>22522<\/a><\/li>\n\n\n\n<li><a href='?page_no=22523'>22523<\/a><\/li>\n\n    \n\t\n\n<li >\n\t<a href='?page_no=21070'>Next<\/a>\n\t<\/li>\n\n\n    \n\n<li><a href='?page_no=22523'>Last &rsaquo;&rsaquo;<\/a><\/li>\n\n<\/ul>\n\n\n--><br \/>\n<\/body><\/p>\n","protected":false},"excerpt":{"rendered":"<p>UASD y Fundaci\u00f3n de Danny Rivera Realizar\u00e1n Evento \u201cQue Vivan los Estudiantes\u201d &#13; Santo Domingo.- La Facultad de Artes de la Universidad Aut\u00f3noma de Santo Domingo conjuntamente con la Fundaci\u00f3n \u201cArte de Paz para Nuestra Am\u00e9rica\u201d, del cantante Danny Rivera, presentar\u00e1n el evento cultural \u201cQue vivan los estudiantes\u201d, una muestra al pa\u00eds y al mundo [&hellip;]<\/p>\n","protected":false},"author":3,"featured_media":0,"comment_status":"open","ping_status":"open","sticky":false,"template":"","format":"standard","meta":{"footnotes":""},"categories":[25],"tags":[],"class_list":["post-92447","post","type-post","status-publish","format-standard","hentry","category-gente"],"_links":{"self":[{"href":"https:\/\/diariodominicano.com\/index.php?rest_route=\/wp\/v2\/posts\/92447","targetHints":{"allow":["GET"]}}],"collection":[{"href":"https:\/\/diariodominicano.com\/index.php?rest_route=\/wp\/v2\/posts"}],"about":[{"href":"https:\/\/diariodominicano.com\/index.php?rest_route=\/wp\/v2\/types\/post"}],"author":[{"embeddable":true,"href":"https:\/\/diariodominicano.com\/index.php?rest_route=\/wp\/v2\/users\/3"}],"replies":[{"embeddable":true,"href":"https:\/\/diariodominicano.com\/index.php?rest_route=%2Fwp%2Fv2%2Fcomments&post=92447"}],"version-history":[{"count":0,"href":"https:\/\/diariodominicano.com\/index.php?rest_route=\/wp\/v2\/posts\/92447\/revisions"}],"wp:attachment":[{"href":"https:\/\/diariodominicano.com\/index.php?rest_route=%2Fwp%2Fv2%2Fmedia&parent=92447"}],"wp:term":[{"taxonomy":"category","embeddable":true,"href":"https:\/\/diariodominicano.com\/index.php?rest_route=%2Fwp%2Fv2%2Fcategories&post=92447"},{"taxonomy":"post_tag","embeddable":true,"href":"https:\/\/diariodominicano.com\/index.php?rest_route=%2Fwp%2Fv2%2Ftags&post=92447"}],"curies":[{"name":"wp","href":"https:\/\/api.w.org\/{rel}","templated":true}]}}