{"id":92446,"date":"2008-08-28T23:07:34","date_gmt":"2008-08-28T23:07:34","guid":{"rendered":"http:\/\/diariodominicano.ddns.net\/?p=92446"},"modified":"2008-08-28T23:07:34","modified_gmt":"2008-08-28T23:07:34","slug":"jorge-celedon-y-jimmy-zambrano-se-unen-a-la-sinfonica-de-miami-en-unica-presentacion","status":"publish","type":"post","link":"https:\/\/diariodominicano.com\/?p=92446","title":{"rendered":"Jorge Celed\u00f3n y Jimmy Zambrano se unen a la Sinf\u00f3nica de Miami en \u00fanica presentaci\u00f3n"},"content":{"rendered":"<p><body><\/p>\n<p align=\"justify\"><span class=\"titulogrande1\">Jorge Celed\u00f3n y  Jimmy Zambrano se unen a la Sinf\u00f3nica de Miami en \u00fanica presentaci\u00f3n<\/span><br \/>&#13;<br \/>\n  <br \/>&#13;<br \/>\n    <strong>La gala se  realizar\u00e1 el pr\u00f3ximo 3 de octubre y recorrer\u00e1 un aut\u00e9ntico repertorio de m\u00fasica vallenata con fusiones sinf\u00f3nicas <\/strong><br \/>&#13;<br \/>\n    <br \/>&#13;<br \/>\n  <strong>Su reciente  disco \u201cDe lo nuevo\u2026 Lo mejor\u201dest\u00e1 a la venta en su tienda favorita y es otro lanzamiento de Sony BMG Latin<br \/>&#13;<br \/>\n  <\/strong> <br \/>&#13;<br \/>\n  <span class=\"text1noticias\"><strong><img loading=\"lazy\" decoding=\"async\" src=\"http:\/\/localhost:8080\/gente\/img\/jorge celedon.jpg\" width=\"374\" height=\"156\" hspace=\"4\" align=\"left\" \/>Miami, FL.-<\/strong> <strong>Jorge Celed\u00f3n<\/strong> y <strong>Jimmy Zambrano<\/strong> llegar\u00e1n a Miami en el  mes de octubre para realizar uno de los eventos m\u00e1s importantes de su carrera.  Tanto la comunidad colombiana, como los seguidores del tradicional ritmo de  vallenato, tendr\u00e1n su noche de gala con los famosos artistas hacedores de  \u00e9xitos como \u201cAy Hombe\u201d, \u201cCuatro Rosas\u201d y \u201cEsta Vida\u201d.<br \/>&#13;<br \/>\n  <br \/>&#13;<br \/>\n  Ser\u00e1 el pr\u00f3ximo 3 de  octubre en el majestuoso Adrienne Arsht Center for the Performing Arts en el  downtown de Miami junto a la Orquesta Sinf\u00f3nica de Miami para un \u00fanico  concierto titulado \u201cVallenato Sinf\u00f3nico\u201d.<br \/>&#13;<br \/>\n  <br \/>&#13;<br \/>\n\u201cSer\u00e1 una noche de  gala para la cultura latinoamericana que realzar\u00e1 el valor de nuestra m\u00fasica de  Valledupar\u201d, dijo Jorge Celed\u00f3n anunciando la velada que tendr\u00e1 como  acompa\u00f1ante a los m\u00fasicos de la orquesta sinf\u00f3nica y se enmarcar\u00e1 en una gira  de conciertos que su banda realizar\u00e1 por Estados Unidos.<br \/>&#13;<br \/>\n<br \/>&#13;<br \/>\nCeled\u00f3n posee una  carrera sin precedentes en su g\u00e9nero y gan\u00f3 una estatuilla en la pasada edici\u00f3n  de los Latin Grammy\u00ae realizados en\u00a0la ciudad de Las Vegas como \u201cMejor  \u00c1lbum de Cumbia\/Vallenato\u201d. El artista contin\u00faa promocionando \u201cDe lo nuevo\u2026 lo  mejor\u201d, un disco en el que incluye lo m\u00e1s importante de su discograf\u00eda y que se  ha difundido en las estaciones de radio por su sencillo \u201cMe vio llorar\u201d.<br \/>&#13;<br \/>\n<br \/>&#13;<br \/>\nEl espect\u00e1culo en Miami es organizado por DAY1 Entertainment y  el Adrienne Arsht Center for the Performing Arts.<\/span><\/p>\n<p>&#13;<\/p>\n<h6> 2008-08-28 23:07:34 <\/h6>\n<p><!--\n<link rel=\"stylesheet\" href=\"css\/bootstrap.min.css\">\n\n\n<ul class=\"pagination\">\n\t    \n\t\n\n<li >\n\t<a href='?page_no=21067'>Previous<\/a>\n\t<\/li>\n\n\n       \n    \n\n<li><a href='?page_no=1'>1<\/a><\/li>\n\n\n\n<li><a href='?page_no=2'>2<\/a><\/li>\n\n\n\n<li><a>...<\/a><\/li>\n\n\n\n<li><a href='?page_no=21066'>21066<\/a><\/li>\n\n\n\n<li><a href='?page_no=21067'>21067<\/a><\/li>\n\n\n\n<li class='active'><a>21068<\/a><\/li>\n\n\n\n<li><a href='?page_no=21069'>21069<\/a><\/li>\n\n\n\n<li><a href='?page_no=21070'>21070<\/a><\/li>\n\n\n\n<li><a>...<\/a><\/li>\n\n\n\n<li><a href='?page_no=22522'>22522<\/a><\/li>\n\n\n\n<li><a href='?page_no=22523'>22523<\/a><\/li>\n\n    \n\t\n\n<li >\n\t<a href='?page_no=21069'>Next<\/a>\n\t<\/li>\n\n\n    \n\n<li><a href='?page_no=22523'>Last &rsaquo;&rsaquo;<\/a><\/li>\n\n<\/ul>\n\n\n--><br \/>\n<\/body><\/p>\n","protected":false},"excerpt":{"rendered":"<p>Jorge Celed\u00f3n y Jimmy Zambrano se unen a la Sinf\u00f3nica de Miami en \u00fanica presentaci\u00f3n&#13; &#13; La gala se realizar\u00e1 el pr\u00f3ximo 3 de octubre y recorrer\u00e1 un aut\u00e9ntico repertorio de m\u00fasica vallenata con fusiones sinf\u00f3nicas &#13; &#13; Su reciente disco \u201cDe lo nuevo\u2026 Lo mejor\u201dest\u00e1 a la venta en su tienda favorita y es [&hellip;]<\/p>\n","protected":false},"author":3,"featured_media":0,"comment_status":"open","ping_status":"open","sticky":false,"template":"","format":"standard","meta":{"footnotes":""},"categories":[25],"tags":[],"class_list":["post-92446","post","type-post","status-publish","format-standard","hentry","category-gente"],"_links":{"self":[{"href":"https:\/\/diariodominicano.com\/index.php?rest_route=\/wp\/v2\/posts\/92446","targetHints":{"allow":["GET"]}}],"collection":[{"href":"https:\/\/diariodominicano.com\/index.php?rest_route=\/wp\/v2\/posts"}],"about":[{"href":"https:\/\/diariodominicano.com\/index.php?rest_route=\/wp\/v2\/types\/post"}],"author":[{"embeddable":true,"href":"https:\/\/diariodominicano.com\/index.php?rest_route=\/wp\/v2\/users\/3"}],"replies":[{"embeddable":true,"href":"https:\/\/diariodominicano.com\/index.php?rest_route=%2Fwp%2Fv2%2Fcomments&post=92446"}],"version-history":[{"count":0,"href":"https:\/\/diariodominicano.com\/index.php?rest_route=\/wp\/v2\/posts\/92446\/revisions"}],"wp:attachment":[{"href":"https:\/\/diariodominicano.com\/index.php?rest_route=%2Fwp%2Fv2%2Fmedia&parent=92446"}],"wp:term":[{"taxonomy":"category","embeddable":true,"href":"https:\/\/diariodominicano.com\/index.php?rest_route=%2Fwp%2Fv2%2Fcategories&post=92446"},{"taxonomy":"post_tag","embeddable":true,"href":"https:\/\/diariodominicano.com\/index.php?rest_route=%2Fwp%2Fv2%2Ftags&post=92446"}],"curies":[{"name":"wp","href":"https:\/\/api.w.org\/{rel}","templated":true}]}}