{"id":92443,"date":"2008-08-29T16:51:39","date_gmt":"2008-08-29T16:51:39","guid":{"rendered":"http:\/\/diariodominicano.ddns.net\/?p=92443"},"modified":"2008-08-29T16:51:39","modified_gmt":"2008-08-29T16:51:39","slug":"reparte-utiles-escolares-pueblos-y-sectores-santo-domingo","status":"publish","type":"post","link":"https:\/\/diariodominicano.com\/?p=92443","title":{"rendered":"Reparte \u00fatiles escolares pueblos y sectores Santo Domingo"},"content":{"rendered":"<p><body><\/p>\n<p align=\"center\"><strong>Marcel y su Fundacion Media  Luna<\/strong><br \/>&#13;<br \/>\n  <strong><br \/>&#13;<br \/>\n    <span class=\"titulogrande1\">Reparte \u00fatiles escolares pueblos y sectores Santo Domingo<\/span><\/strong><\/p>\n<p>&#13;<\/p>\n<p align=\"center\"><strong>Entrega 25 mil cuadernos y electrod\u00f3mesticos en  diversas comunidades<\/strong><\/p>\n<p>&#13;<\/p>\n<p align=\"justify\" class=\"text1noticias\"><strong><img loading=\"lazy\" decoding=\"async\" src=\"http:\/\/localhost:8080\/gente\/img\/marcel libros.jpg\" width=\"375\" height=\"281\" hspace=\"4\" align=\"left\" \/>RD.- <\/strong>La Fundaci\u00f3n Media Luna, que preside  la cantante Marcel, reparti\u00f3 utiles escolares y electrodom\u00e9sticos, en distintas  comunidades y sectores de la capital.<\/p>\n<p>&#13;<\/p>\n<p align=\"justify\" class=\"text1noticias\">La oficina de la cantante, se\u00f1al\u00f3  que comunidades como Bayaguana, Los Frailes, Guerra, Pedro Brand y los barrios  capitalinos, de Los Frailes, Herrera, Sabana Perdida, Villa Mella, entre otros.<\/p>\n<p>&#13;<\/p>\n<p align=\"justify\" class=\"text1noticias\">Indicaron que en Santo Domingo  Este, junto al ex gobernador de esa parte de la capital, ingeniero Eladio  Martinez, \u201cPiel Morena\u201d, como se le conoce tambien a la extrovertida artista,  distribuy\u00f3\u00a0 estufas, tanques de gas,  mosquiteros, andadores, sillas de rueda y raciones alimenticias.<\/p>\n<p>&#13;<\/p>\n<p align=\"justify\" class=\"text1noticias\">La Fundaci\u00f3n tambien, entreg\u00f3  unos 25 mil\u00a0 cuadernos junto al ex  gobernador de la zona oriental, a cientos de ni\u00f1os \u201cque se preparan a iniciar  el a\u00f1o escolar\u201d.<\/p>\n<p>&#13;<\/p>\n<p align=\"justify\" class=\"text1noticias\">La artista, segun apunto la  oficina, hara igual accion, en otras ciudades, \u201cporque la Fundaci\u00f3n, tiene como  norte, ayudar a los necesitados\u201d.<\/p>\n<p>&#13;<\/p>\n<p align=\"justify\" class=\"text1noticias\">Marcel y un grupo de artistas,  agrupados en el Partido Revolucionario Dominicano (PRD), se montaron en el  carro de la reeleccion y apoyaron al doctor Leonel Fern\u00e1ndez, y \u201cdesde ya se  observa\u00a0 su vinculaci\u00f3n con el nuevo  gobierno\u201d.<\/p>\n<p>&#13;<\/p>\n<h6> 2008-08-29 16:51:39 <\/h6>\n<p><!--\n<link rel=\"stylesheet\" href=\"css\/bootstrap.min.css\">\n\n\n<ul class=\"pagination\">\n\t    \n\t\n\n<li >\n\t<a href='?page_no=21064'>Previous<\/a>\n\t<\/li>\n\n\n       \n    \n\n<li><a href='?page_no=1'>1<\/a><\/li>\n\n\n\n<li><a href='?page_no=2'>2<\/a><\/li>\n\n\n\n<li><a>...<\/a><\/li>\n\n\n\n<li><a href='?page_no=21063'>21063<\/a><\/li>\n\n\n\n<li><a href='?page_no=21064'>21064<\/a><\/li>\n\n\n\n<li class='active'><a>21065<\/a><\/li>\n\n\n\n<li><a href='?page_no=21066'>21066<\/a><\/li>\n\n\n\n<li><a href='?page_no=21067'>21067<\/a><\/li>\n\n\n\n<li><a>...<\/a><\/li>\n\n\n\n<li><a href='?page_no=22522'>22522<\/a><\/li>\n\n\n\n<li><a href='?page_no=22523'>22523<\/a><\/li>\n\n    \n\t\n\n<li >\n\t<a href='?page_no=21066'>Next<\/a>\n\t<\/li>\n\n\n    \n\n<li><a href='?page_no=22523'>Last &rsaquo;&rsaquo;<\/a><\/li>\n\n<\/ul>\n\n\n--><br \/>\n<\/body><\/p>\n","protected":false},"excerpt":{"rendered":"<p>Marcel y su Fundacion Media Luna&#13; &#13; Reparte \u00fatiles escolares pueblos y sectores Santo Domingo &#13; Entrega 25 mil cuadernos y electrod\u00f3mesticos en diversas comunidades &#13; RD.- La Fundaci\u00f3n Media Luna, que preside la cantante Marcel, reparti\u00f3 utiles escolares y electrodom\u00e9sticos, en distintas comunidades y sectores de la capital. &#13; La oficina de la cantante, [&hellip;]<\/p>\n","protected":false},"author":3,"featured_media":0,"comment_status":"open","ping_status":"open","sticky":false,"template":"","format":"standard","meta":{"footnotes":""},"categories":[25],"tags":[],"class_list":["post-92443","post","type-post","status-publish","format-standard","hentry","category-gente"],"_links":{"self":[{"href":"https:\/\/diariodominicano.com\/index.php?rest_route=\/wp\/v2\/posts\/92443","targetHints":{"allow":["GET"]}}],"collection":[{"href":"https:\/\/diariodominicano.com\/index.php?rest_route=\/wp\/v2\/posts"}],"about":[{"href":"https:\/\/diariodominicano.com\/index.php?rest_route=\/wp\/v2\/types\/post"}],"author":[{"embeddable":true,"href":"https:\/\/diariodominicano.com\/index.php?rest_route=\/wp\/v2\/users\/3"}],"replies":[{"embeddable":true,"href":"https:\/\/diariodominicano.com\/index.php?rest_route=%2Fwp%2Fv2%2Fcomments&post=92443"}],"version-history":[{"count":0,"href":"https:\/\/diariodominicano.com\/index.php?rest_route=\/wp\/v2\/posts\/92443\/revisions"}],"wp:attachment":[{"href":"https:\/\/diariodominicano.com\/index.php?rest_route=%2Fwp%2Fv2%2Fmedia&parent=92443"}],"wp:term":[{"taxonomy":"category","embeddable":true,"href":"https:\/\/diariodominicano.com\/index.php?rest_route=%2Fwp%2Fv2%2Fcategories&post=92443"},{"taxonomy":"post_tag","embeddable":true,"href":"https:\/\/diariodominicano.com\/index.php?rest_route=%2Fwp%2Fv2%2Ftags&post=92443"}],"curies":[{"name":"wp","href":"https:\/\/api.w.org\/{rel}","templated":true}]}}