{"id":92442,"date":"2008-08-29T17:46:30","date_gmt":"2008-08-29T17:46:30","guid":{"rendered":"http:\/\/diariodominicano.ddns.net\/?p=92442"},"modified":"2008-08-29T17:46:30","modified_gmt":"2008-08-29T17:46:30","slug":"wason-brazoban-se-gana-el-publico-del-madison-square-garden","status":"publish","type":"post","link":"https:\/\/diariodominicano.com\/?p=92442","title":{"rendered":"Wason Brazob\u00e1n se gana el p\u00fablico del Madison Square Garden"},"content":{"rendered":"<p><body><\/p>\n<p align=\"center\" class=\"titulogrande1\"><strong>Wason Brazob\u00e1n se gana el p\u00fablico del Madison Square Garden <\/strong><\/p>\n<p>&#13;<\/p>\n<p align=\"justify\"><strong>El joven int\u00e9rprete dominicano obtuvo una magn\u00edfica respuesta de las  m\u00e1s de 20 mil personas que se dieron cita en este gran evento<\/strong><br \/>&#13;<br \/>\n  <br \/>&#13;<br \/>\n    <strong>Brazob\u00e1n fue responsable de abrir el concierto donde participaron el grupo Aventura, Alejandro Fern\u00e1ndez y Marc Anthony<\/strong><br \/>&#13;<br \/>\n    <br \/>&#13;<br \/>\n  <strong>Wason contin\u00faa con una serie de presentaciones por el Este de los Estados Unidos<\/strong><br \/>&#13;<br \/>\n  <br \/>&#13;<br \/>\n<strong>Hoy act\u00faa en Philadelphia y ma\u00f1ana en el United Palace de New York<\/strong><\/p>\n<p>&#13;<\/p>\n<p align=\"justify\" class=\"text1noticias\"><strong><img loading=\"lazy\" decoding=\"async\" src=\"http:\/\/localhost:8080\/gente\/img\/wason brasoba.jpg\" width=\"375\" height=\"257\" hspace=\"4\" align=\"left\" \/>Miami, FL.-<\/strong> <strong>Wason Brazob\u00e1n<\/strong> subi\u00f3 al  escenario del Madison Square Garden el pasado jueves 21 de agosto para ser el  primer protagonista de una noche donde m\u00e1s de 20 mil almas ser\u00edan testigos de  algo muy especial.<br \/>&#13;<br \/>\n  <br \/>&#13;<br \/>\n  Con los primeros acordes  de guitarra y voz inigualable, este joven artista dominicano comenz\u00f3 a  conectarse de manera m\u00e1gica con el p\u00fablico, los que poco a poco se fueron  envolviendo en las composiciones de un autor que despunta como uno de los m\u00e1s  destacados de la m\u00fasica pop del momento.<br \/>&#13;<br \/>\n  <br \/>&#13;<br \/>\n  Wason, agradeci\u00f3 la gran  bienvenida de los fan\u00e1ticos \u201cneoyorquinos\u201d, y dej\u00f3 la atmosfera cargada de  \u00e9xtasis como pre\u00e1mbulo de este s\u00faper concierto, donde actuaron el grupo <strong>Aventura, Alejandro Fern\u00e1ndez<\/strong> y <strong>Marc Anthony<\/strong>.<br \/>&#13;<br \/>\n  <br \/>&#13;<br \/>\n\u201cParte de mi sue\u00f1o se  ha cumplido esta noche, espero volver muy pronto\u201d, dijo el artista al referirse  a su presentaci\u00f3n en uno de los escenarios m\u00e1s importantes de Estados Unidos y  el mundo.<\/p>\n<p>&#13;<\/p>\n<p align=\"justify\" class=\"text1noticias\">El autor del tema \u201cEn un  solo d\u00eda\u201d, contin\u00faa su exitosa gira por el Este de los Estados Unidos con un  concierto hoy en la ciudad de Philadelphia, para finalmente culminar ma\u00f1ana  s\u00e1bado en el United Palace en Nueva York.<br \/>&#13;<br \/>\n  <br \/>&#13;<br \/>\n  Luego regresa a Rep\u00fablica  Dominicana donde le esperan una serie de conciertos privados por toda la isla.<br \/>&#13;<br \/>\n  <br \/>&#13;<br \/>\n  El nuevo \u00e1lbum de Wason  Brazob\u00e1n titulado \u201cArmadura de Rosas\u201d, bajo el sello discogr\u00e1fico Premium Latin  Music, est\u00e1 a la venta en las principales tiendas m\u00fasica.<\/p>\n<p>&#13;<\/p>\n<h6> 2008-08-29 17:46:30 <\/h6>\n<p><!--\n<link rel=\"stylesheet\" href=\"css\/bootstrap.min.css\">\n\n\n<ul class=\"pagination\">\n\t    \n\t\n\n<li >\n\t<a href='?page_no=21063'>Previous<\/a>\n\t<\/li>\n\n\n       \n    \n\n<li><a href='?page_no=1'>1<\/a><\/li>\n\n\n\n<li><a href='?page_no=2'>2<\/a><\/li>\n\n\n\n<li><a>...<\/a><\/li>\n\n\n\n<li><a href='?page_no=21062'>21062<\/a><\/li>\n\n\n\n<li><a href='?page_no=21063'>21063<\/a><\/li>\n\n\n\n<li class='active'><a>21064<\/a><\/li>\n\n\n\n<li><a href='?page_no=21065'>21065<\/a><\/li>\n\n\n\n<li><a href='?page_no=21066'>21066<\/a><\/li>\n\n\n\n<li><a>...<\/a><\/li>\n\n\n\n<li><a href='?page_no=22522'>22522<\/a><\/li>\n\n\n\n<li><a href='?page_no=22523'>22523<\/a><\/li>\n\n    \n\t\n\n<li >\n\t<a href='?page_no=21065'>Next<\/a>\n\t<\/li>\n\n\n    \n\n<li><a href='?page_no=22523'>Last &rsaquo;&rsaquo;<\/a><\/li>\n\n<\/ul>\n\n\n--><br \/>\n<\/body><\/p>\n","protected":false},"excerpt":{"rendered":"<p>Wason Brazob\u00e1n se gana el p\u00fablico del Madison Square Garden &#13; El joven int\u00e9rprete dominicano obtuvo una magn\u00edfica respuesta de las m\u00e1s de 20 mil personas que se dieron cita en este gran evento&#13; &#13; Brazob\u00e1n fue responsable de abrir el concierto donde participaron el grupo Aventura, Alejandro Fern\u00e1ndez y Marc Anthony&#13; &#13; Wason contin\u00faa [&hellip;]<\/p>\n","protected":false},"author":3,"featured_media":0,"comment_status":"open","ping_status":"open","sticky":false,"template":"","format":"standard","meta":{"footnotes":""},"categories":[25],"tags":[],"class_list":["post-92442","post","type-post","status-publish","format-standard","hentry","category-gente"],"_links":{"self":[{"href":"https:\/\/diariodominicano.com\/index.php?rest_route=\/wp\/v2\/posts\/92442","targetHints":{"allow":["GET"]}}],"collection":[{"href":"https:\/\/diariodominicano.com\/index.php?rest_route=\/wp\/v2\/posts"}],"about":[{"href":"https:\/\/diariodominicano.com\/index.php?rest_route=\/wp\/v2\/types\/post"}],"author":[{"embeddable":true,"href":"https:\/\/diariodominicano.com\/index.php?rest_route=\/wp\/v2\/users\/3"}],"replies":[{"embeddable":true,"href":"https:\/\/diariodominicano.com\/index.php?rest_route=%2Fwp%2Fv2%2Fcomments&post=92442"}],"version-history":[{"count":0,"href":"https:\/\/diariodominicano.com\/index.php?rest_route=\/wp\/v2\/posts\/92442\/revisions"}],"wp:attachment":[{"href":"https:\/\/diariodominicano.com\/index.php?rest_route=%2Fwp%2Fv2%2Fmedia&parent=92442"}],"wp:term":[{"taxonomy":"category","embeddable":true,"href":"https:\/\/diariodominicano.com\/index.php?rest_route=%2Fwp%2Fv2%2Fcategories&post=92442"},{"taxonomy":"post_tag","embeddable":true,"href":"https:\/\/diariodominicano.com\/index.php?rest_route=%2Fwp%2Fv2%2Ftags&post=92442"}],"curies":[{"name":"wp","href":"https:\/\/api.w.org\/{rel}","templated":true}]}}