{"id":92437,"date":"2008-09-01T15:34:23","date_gmt":"2008-09-01T15:34:23","guid":{"rendered":"http:\/\/diariodominicano.ddns.net\/?p=92437"},"modified":"2008-09-01T15:34:23","modified_gmt":"2008-09-01T15:34:23","slug":"linea-de-cosmeticos-actua-lanza-nuevo-catalogo-en-republica-dominicana","status":"publish","type":"post","link":"https:\/\/diariodominicano.com\/?p=92437","title":{"rendered":"L\u00ednea de cosm\u00e9ticos \u00abAct\u00faa\u00bb lanza nuevo cat\u00e1logo en Rep\u00fablica Dominicana"},"content":{"rendered":"<p><body><\/p>\n<p align=\"justify\"><span class=\"titulogrande1\">L\u00ednea  de cosm\u00e9ticos \u00abAct\u00faa\u00bb lanza nuevo cat\u00e1logo en Rep\u00fablica Dominicana<\/span><\/p>\n<p>&#13;<\/p>\n<p align=\"justify\" class=\"text1noticias\"><img loading=\"lazy\" decoding=\"async\" src=\"http:\/\/localhost:8080\/gente\/img\/actua line.jpg\" width=\"375\" height=\"253\" hspace=\"4\" align=\"left\" \/><strong>Santo Domingo.- <\/strong>La l\u00ednea de cosm\u00e9ticos \u00abAct\u00faa\u00bb lanz\u00f3 al mercado su nuevo  cat\u00e1logo Verano-Oto\u00f1o durante un encuentro realizado con sus promotoras en las  instalaciones del hotel Jaragua de Santo Domingo.<br \/>&#13;<br \/>\n  \u00a0<br \/>&#13;<br \/>\n  En el mismo se present\u00f3 su  tradicional l\u00ednea de cuidado de la piel al igual que la nueva imagen de la  l\u00ednea de productos para el hombre.<br \/>&#13;<br \/>\n  \u00a0<br \/>&#13;<br \/>\n  Asimismo la presidenta de la  compa\u00f1\u00eda \u00abLa Cacica\u00bb,  Clemencia de Victoria y representante de la marca \u00abAct\u00faa\u00bb, dio a  conocer un nuevo desodorante para toda la familia as\u00ed como una nueva l\u00ednea  capilar antica\u00edda compuesta por 5 nuevos productos.<br \/>&#13;<br \/>\n  \u00a0<br \/>&#13;<br \/>\n  A prop\u00f3sito del nuevo a\u00f1o  escolar la marca aprovech\u00f3 para ampliar la propuesta infantil con nuevos libros  de actividades y de colorear de la l\u00ednea \u00abLucia Stories\u00bb.<br \/>&#13;<br \/>\n  \u00a0<br \/>&#13;<br \/>\n  De igual manera fue lanzada  una fin\u00edsima colecci\u00f3n de joyas en Plata 925 y laminados en oro y plata de  alt\u00edsima calidad y belleza.<br \/>&#13;<br \/>\n  \u00a0<br \/>&#13;<br \/>\n  El acto tambi\u00e9n fue  aprovechado por los ejecutivos de la empresa para reconocer a las  \u00abActuantes\u00bb como se le llaman a las promotoras de la marca  \u00abAct\u00faa\u00bb, que lograron destacar con sus ventas durante el \u00faltimo  trimestre.<br \/>&#13;<br \/>\n  \u00a0<br \/>&#13;<br \/>\n  La actividad tambi\u00e9n se llev\u00f3  a cabo en Santiago, San Francisco de Macor\u00eds, Mao, San Jos\u00e9 de Ocoa, Nagua, La Romana y San Pedro de  Macor\u00eds, donde \u00abAct\u00faa\u00bb tiene presencia.<\/p>\n<p>&#13;<\/p>\n<h6> 2008-09-01 15:34:23 <\/h6>\n<p><!--\n<link rel=\"stylesheet\" href=\"css\/bootstrap.min.css\">\n\n\n<ul class=\"pagination\">\n\t    \n\t\n\n<li >\n\t<a href='?page_no=21058'>Previous<\/a>\n\t<\/li>\n\n\n       \n    \n\n<li><a href='?page_no=1'>1<\/a><\/li>\n\n\n\n<li><a href='?page_no=2'>2<\/a><\/li>\n\n\n\n<li><a>...<\/a><\/li>\n\n\n\n<li><a href='?page_no=21057'>21057<\/a><\/li>\n\n\n\n<li><a href='?page_no=21058'>21058<\/a><\/li>\n\n\n\n<li class='active'><a>21059<\/a><\/li>\n\n\n\n<li><a href='?page_no=21060'>21060<\/a><\/li>\n\n\n\n<li><a href='?page_no=21061'>21061<\/a><\/li>\n\n\n\n<li><a>...<\/a><\/li>\n\n\n\n<li><a href='?page_no=22522'>22522<\/a><\/li>\n\n\n\n<li><a href='?page_no=22523'>22523<\/a><\/li>\n\n    \n\t\n\n<li >\n\t<a href='?page_no=21060'>Next<\/a>\n\t<\/li>\n\n\n    \n\n<li><a href='?page_no=22523'>Last &rsaquo;&rsaquo;<\/a><\/li>\n\n<\/ul>\n\n\n--><br \/>\n<\/body><\/p>\n","protected":false},"excerpt":{"rendered":"<p>L\u00ednea de cosm\u00e9ticos \u00abAct\u00faa\u00bb lanza nuevo cat\u00e1logo en Rep\u00fablica Dominicana &#13; Santo Domingo.- La l\u00ednea de cosm\u00e9ticos \u00abAct\u00faa\u00bb lanz\u00f3 al mercado su nuevo cat\u00e1logo Verano-Oto\u00f1o durante un encuentro realizado con sus promotoras en las instalaciones del hotel Jaragua de Santo Domingo.&#13; \u00a0&#13; En el mismo se present\u00f3 su tradicional l\u00ednea de cuidado de la piel [&hellip;]<\/p>\n","protected":false},"author":3,"featured_media":0,"comment_status":"open","ping_status":"open","sticky":false,"template":"","format":"standard","meta":{"footnotes":""},"categories":[25],"tags":[],"class_list":["post-92437","post","type-post","status-publish","format-standard","hentry","category-gente"],"_links":{"self":[{"href":"https:\/\/diariodominicano.com\/index.php?rest_route=\/wp\/v2\/posts\/92437","targetHints":{"allow":["GET"]}}],"collection":[{"href":"https:\/\/diariodominicano.com\/index.php?rest_route=\/wp\/v2\/posts"}],"about":[{"href":"https:\/\/diariodominicano.com\/index.php?rest_route=\/wp\/v2\/types\/post"}],"author":[{"embeddable":true,"href":"https:\/\/diariodominicano.com\/index.php?rest_route=\/wp\/v2\/users\/3"}],"replies":[{"embeddable":true,"href":"https:\/\/diariodominicano.com\/index.php?rest_route=%2Fwp%2Fv2%2Fcomments&post=92437"}],"version-history":[{"count":0,"href":"https:\/\/diariodominicano.com\/index.php?rest_route=\/wp\/v2\/posts\/92437\/revisions"}],"wp:attachment":[{"href":"https:\/\/diariodominicano.com\/index.php?rest_route=%2Fwp%2Fv2%2Fmedia&parent=92437"}],"wp:term":[{"taxonomy":"category","embeddable":true,"href":"https:\/\/diariodominicano.com\/index.php?rest_route=%2Fwp%2Fv2%2Fcategories&post=92437"},{"taxonomy":"post_tag","embeddable":true,"href":"https:\/\/diariodominicano.com\/index.php?rest_route=%2Fwp%2Fv2%2Ftags&post=92437"}],"curies":[{"name":"wp","href":"https:\/\/api.w.org\/{rel}","templated":true}]}}