{"id":92436,"date":"2008-09-01T21:59:51","date_gmt":"2008-09-01T21:59:51","guid":{"rendered":"http:\/\/diariodominicano.ddns.net\/?p=92436"},"modified":"2008-09-01T21:59:51","modified_gmt":"2008-09-01T21:59:51","slug":"zona-este-vibra-con-el-punta-cana-bavaro-jazz-festival","status":"publish","type":"post","link":"https:\/\/diariodominicano.com\/?p=92436","title":{"rendered":"Zona Este vibra con el Punta Cana B\u00e1varo jazz festival"},"content":{"rendered":"<p><body><\/p>\n<p align=\"center\" class=\"titulogrande1\">Zona  Este vibra con el Punta Cana B\u00e1varo jazz festival<\/p>\n<p>&#13;<\/p>\n<p align=\"justify\"><span class=\"text1noticias\"><strong><img loading=\"lazy\" decoding=\"async\" src=\"http:\/\/localhost:8080\/gente\/img\/jazz cana.jpg\" width=\"375\" height=\"1248\" hspace=\"4\" align=\"left\" \/>Santo Domingo.-<\/strong> Este fin de semana el  principal polo tur\u00edstico del pa\u00eds, Punta Cana-B\u00e1varo se lleno de notas  musicales con la tercera versi\u00f3n de su festival de jazz, que como es tradici\u00f3n  cont\u00f3 con un despliegue de talento local e internacional que\u00a0 incluy\u00f3 la participaci\u00f3n de Nestor Torres y  el Cuarteto R\u00edtmico de Caracas.<br \/>&#13;<br \/>\n    <br \/>&#13;<br \/>\n  Este festival es organizado por el  Cluster y la Asociaci\u00f3n  de Hoteles y Proyectos Tur\u00edsticos de la Zona   Este, bajo la presidencia del licenciado Ernesto Veloz y por  Grupo Eventos, que tiene a su cargo la direcci\u00f3n del mismo con Jorge Est\u00e9vez.<br \/>&#13;<br \/>\n<br \/>&#13;<br \/>\n La m\u00fasica local estuvo a cargo de Sandy  Gabriel y Puerto Plata Jazz Esemble, Rafelito Mirabal y Sistema Temperado, y la Santo Domingo Jazz Big Band.<br \/>&#13;<br \/>\n <br \/>&#13;<br \/>\n Los conciertos que se llevaron a cabo el  viernes 29 y el s\u00e1bado 30 arrancaron con Sandy Gabriel y Puerto Plata Jazz  Esemble, quien capturo de inmediato la atenci\u00f3n de los asistentes con sus  interpretaciones. <br \/>&#13;<br \/>\n<br \/>&#13;<br \/>\n El segundo de la noche de apertura fue  el virtuoso de la flauta N\u00e9stor Torres, quien estuvo acompa\u00f1ado de un grupo  dominicano integrado por Jerem\u00edas King en el bajo,  Hisdras \u00c1lvarez en la bater\u00eda, Cukin Curiel y Eliezer Ram\u00edrez en la percusi\u00f3n,  Oscar Almonte en guitarras, Frandy Alc\u00e1ntara en el\u00a0 saxos, Miguel Andr\u00e9s Tejada en el piano y  Rafelito Mirabal en teclados y direcci\u00f3n.<br \/>&#13;<br \/>\n<br \/>&#13;<br \/>\n La noche del domingo inici\u00f3 con el  Cuarteto R\u00edtmico de Caracas, que encanto al p\u00fablico al interpretar una versi\u00f3n  en jazz de la canci\u00f3n \u201cAmor de Conuco\u201d de Juan Luis Guerra. Le sigui\u00f3 en el  escenario Rafelito Mirabal y Sistema Temperado.<br \/>&#13;<br \/>\n <br \/>&#13;<br \/>\n Esa noche cerr\u00f3 con la Santo Domingo Jazz Big Band,  que al final ofreci\u00f3 como sorpresa una interpretaci\u00f3n conjunta con el flautista  N\u00e9stor Torres, quien deb\u00eda regresar ese domingo temprano a Miami, pero que a  \u00faltimo momento decidi\u00f3 quedarse y acompa\u00f1ar a esta banda dominicana.<br \/>&#13;<br \/>\n<br \/>&#13;<br \/>\n El parque tem\u00e1tico IMAGE sirvi\u00f3 de  escenario para este despliegue de talento, no s\u00f3lo musical, sino tambi\u00e9n  cultural, con exposiciones de pintores dominicanos que prepararon una selecci\u00f3n  de obras con temas de jazz pintadas especialmente para ocasi\u00f3n.<br \/>&#13;<br \/>\n <br \/>&#13;<br \/>\n Tambi\u00e9n el taller del art\u00edstico estuvo  presente con varias de sus esculturas y con un grupo de j\u00f3venes que durante el  segundo d\u00eda del concierto, el s\u00e1bado 30 desde el medio d\u00eda mostraron su arte en  el Palma Real Shopping Village. Ah\u00ed se esculpieron las manos de los artistas  participantes, personalidades de la zona y p\u00fablico en general, adem\u00e1s de  trabajar pulseras y otros detalles ornamentales.<br \/>&#13;<br \/>\n <br \/>&#13;<br \/>\nEstos j\u00f3venes aprendices en los talleres  del Jos\u00e9 Ignacio (El art\u00edstico) mostraron que ellos tambi\u00e9n hacen m\u00fasica  realizando muestras de su trabajo con martilleos coordinados r\u00edtmicamente.<br \/>&#13;<br \/>\n<br \/>&#13;<br \/>\n Tambi\u00e9n como parte del Punta Cana-B\u00e1varo  Jazz Festival en la tarde del s\u00e1bado se realiz\u00f3 un jammeo en la playa de  B\u00e1varo, frente al restaurant Hurac\u00e1n Caf\u00e9, actividad que estuvo matizada por un  grupo de ni\u00f1os que aprovechando uno de los intermedios aprovecharon para tocar  un perico ripiao que los presentes disfrutaron.<\/span><\/p>\n<p>&#13;<\/p>\n<h6> 2008-09-01 21:59:51 <\/h6>\n<p><!--\n<link rel=\"stylesheet\" href=\"css\/bootstrap.min.css\">\n\n\n<ul class=\"pagination\">\n\t    \n\t\n\n<li >\n\t<a href='?page_no=21057'>Previous<\/a>\n\t<\/li>\n\n\n       \n    \n\n<li><a href='?page_no=1'>1<\/a><\/li>\n\n\n\n<li><a href='?page_no=2'>2<\/a><\/li>\n\n\n\n<li><a>...<\/a><\/li>\n\n\n\n<li><a href='?page_no=21056'>21056<\/a><\/li>\n\n\n\n<li><a href='?page_no=21057'>21057<\/a><\/li>\n\n\n\n<li class='active'><a>21058<\/a><\/li>\n\n\n\n<li><a href='?page_no=21059'>21059<\/a><\/li>\n\n\n\n<li><a href='?page_no=21060'>21060<\/a><\/li>\n\n\n\n<li><a>...<\/a><\/li>\n\n\n\n<li><a href='?page_no=22522'>22522<\/a><\/li>\n\n\n\n<li><a href='?page_no=22523'>22523<\/a><\/li>\n\n    \n\t\n\n<li >\n\t<a href='?page_no=21059'>Next<\/a>\n\t<\/li>\n\n\n    \n\n<li><a href='?page_no=22523'>Last &rsaquo;&rsaquo;<\/a><\/li>\n\n<\/ul>\n\n\n--><br \/>\n<\/body><\/p>\n","protected":false},"excerpt":{"rendered":"<p>Zona Este vibra con el Punta Cana B\u00e1varo jazz festival &#13; Santo Domingo.- Este fin de semana el principal polo tur\u00edstico del pa\u00eds, Punta Cana-B\u00e1varo se lleno de notas musicales con la tercera versi\u00f3n de su festival de jazz, que como es tradici\u00f3n cont\u00f3 con un despliegue de talento local e internacional que\u00a0 incluy\u00f3 la [&hellip;]<\/p>\n","protected":false},"author":3,"featured_media":0,"comment_status":"open","ping_status":"open","sticky":false,"template":"","format":"standard","meta":{"footnotes":""},"categories":[25],"tags":[],"class_list":["post-92436","post","type-post","status-publish","format-standard","hentry","category-gente"],"_links":{"self":[{"href":"https:\/\/diariodominicano.com\/index.php?rest_route=\/wp\/v2\/posts\/92436","targetHints":{"allow":["GET"]}}],"collection":[{"href":"https:\/\/diariodominicano.com\/index.php?rest_route=\/wp\/v2\/posts"}],"about":[{"href":"https:\/\/diariodominicano.com\/index.php?rest_route=\/wp\/v2\/types\/post"}],"author":[{"embeddable":true,"href":"https:\/\/diariodominicano.com\/index.php?rest_route=\/wp\/v2\/users\/3"}],"replies":[{"embeddable":true,"href":"https:\/\/diariodominicano.com\/index.php?rest_route=%2Fwp%2Fv2%2Fcomments&post=92436"}],"version-history":[{"count":0,"href":"https:\/\/diariodominicano.com\/index.php?rest_route=\/wp\/v2\/posts\/92436\/revisions"}],"wp:attachment":[{"href":"https:\/\/diariodominicano.com\/index.php?rest_route=%2Fwp%2Fv2%2Fmedia&parent=92436"}],"wp:term":[{"taxonomy":"category","embeddable":true,"href":"https:\/\/diariodominicano.com\/index.php?rest_route=%2Fwp%2Fv2%2Fcategories&post=92436"},{"taxonomy":"post_tag","embeddable":true,"href":"https:\/\/diariodominicano.com\/index.php?rest_route=%2Fwp%2Fv2%2Ftags&post=92436"}],"curies":[{"name":"wp","href":"https:\/\/api.w.org\/{rel}","templated":true}]}}