{"id":92435,"date":"2008-09-02T15:58:38","date_gmt":"2008-09-02T15:58:38","guid":{"rendered":"http:\/\/diariodominicano.ddns.net\/?p=92435"},"modified":"2008-09-02T15:58:38","modified_gmt":"2008-09-02T15:58:38","slug":"camara-de-comercio-de-valverde-premia-modulos-mas-creativos-y-organiza-concurso-del-logotipo-de-expo-valverde","status":"publish","type":"post","link":"https:\/\/diariodominicano.com\/?p=92435","title":{"rendered":"C\u00e1mara de Comercio de Valverde premia m\u00f3dulos m\u00e1s creativos y organiza concurso del logotipo de Expo Valverde"},"content":{"rendered":"<p><body><\/p>\n<p align=\"justify\"><strong class=\"titulogrande1\">C\u00e1mara de  Comercio de Valverde premia m\u00f3dulos m\u00e1s creativos y organiza concurso del  logotipo de Expo Valverde<\/strong><br \/>&#13;<br \/>\n  <br \/>&#13;<br \/>\n    <span class=\"text1noticias\"><img loading=\"lazy\" decoding=\"async\" src=\"http:\/\/localhost:8080\/gente\/img\/premio camara.jpg\" width=\"375\" height=\"1134\" hspace=\"4\" align=\"left\" \/><strong>Mao.-<\/strong> La C\u00e1mara de Comercio y  Producci\u00f3n de Valverde, Inc. organiz\u00f3 un concurso del logotipo de Expo  Valverde, el cual ser\u00e1 la imagen dentro de los pr\u00f3ximos cinco de a\u00f1os de la Feria Multisectorial  del Noroeste. Adem\u00e1s de premiar los m\u00f3dulos m\u00e1s creativos.\u00a0<br \/>&#13;<br \/>\n    <br \/>&#13;<br \/>\n    Para la elecci\u00f3n de esta nueva imagen y de  los m\u00f3dulos m\u00e1s creativos, se seleccionaron como jurado a la Lic. Handry Santana,  Arq. Miguel Espinal, Arq. Franklin Espinal y miembros de la Junta Directiva de  la C\u00e1mara de  Comercio y Producci\u00f3n de Valverde representadas por el Agr\u00f3n. Gonzalo S\u00e1nchez,  Ing. Tony Fr\u00edas, Dra. Raquel Minier, Tec. Jos\u00e9 Pandelo y Claudia Tejada, M. A.,  Presidente, Tesorero, Vicepresidenta, Director de la Feria y secretaria  respectivamente.\u00a0<br \/>&#13;<br \/>\n    <br \/>&#13;<br \/>\n    El ganador de los diez mil pesos (RD$10,000)  fue el joven Rub\u00e9n Bueno, quien compiti\u00f3 con dos contrincantes m\u00e1s. A partir  del a\u00f1o 2009, Expo Valverde estar\u00e1 mostrando su nueva imagen.\u00a0<br \/>&#13;<br \/>\n    <br \/>&#13;<br \/>\n    Conjuntamente la C\u00e1mara de Comercio y  Producci\u00f3n de Valverde premi\u00f3 a los m\u00f3dulos m\u00e1s creativos instalados en el  Complejo Deportivo Mao\u201997, escenario que permiti\u00f3 durante 4 d\u00edas el desarrollo  de la Provincia   Valverde, siendo los ganadores la Empresa Green and  Gold en el \u00e1rea interna y El Super Mercado Morel en el \u00e1rea externa.\u00a0<br \/>&#13;<br \/>\n    <br \/>&#13;<br \/>\n    Jos\u00e9 Pandelo, Director de Feria, destac\u00f3 que  esta actividad organizada en el m\u00f3dulo de la C\u00e1mara de Comercio de Valverde permite premiar el  esfuerzo, el talento y la creatividad que cada uno han querido imprimir, para  lograr destacarse y presentar su mejor imagen como empresa.\u00a0<br \/>&#13;<br \/>\n    <br \/>&#13;<br \/>\nA las empresas participantes tambi\u00e9n se les  entreg\u00f3 un certificado de participaci\u00f3n que los acredita haber participado en  Expo Valverde 2008.\u00a0<\/span><\/p>\n<p>&#13;<\/p>\n<h6> 2008-09-02 15:58:38 <\/h6>\n<p><!--\n<link rel=\"stylesheet\" href=\"css\/bootstrap.min.css\">\n\n\n<ul class=\"pagination\">\n\t    \n\t\n\n<li >\n\t<a href='?page_no=21056'>Previous<\/a>\n\t<\/li>\n\n\n       \n    \n\n<li><a href='?page_no=1'>1<\/a><\/li>\n\n\n\n<li><a href='?page_no=2'>2<\/a><\/li>\n\n\n\n<li><a>...<\/a><\/li>\n\n\n\n<li><a href='?page_no=21055'>21055<\/a><\/li>\n\n\n\n<li><a href='?page_no=21056'>21056<\/a><\/li>\n\n\n\n<li class='active'><a>21057<\/a><\/li>\n\n\n\n<li><a href='?page_no=21058'>21058<\/a><\/li>\n\n\n\n<li><a href='?page_no=21059'>21059<\/a><\/li>\n\n\n\n<li><a>...<\/a><\/li>\n\n\n\n<li><a href='?page_no=22522'>22522<\/a><\/li>\n\n\n\n<li><a href='?page_no=22523'>22523<\/a><\/li>\n\n    \n\t\n\n<li >\n\t<a href='?page_no=21058'>Next<\/a>\n\t<\/li>\n\n\n    \n\n<li><a href='?page_no=22523'>Last &rsaquo;&rsaquo;<\/a><\/li>\n\n<\/ul>\n\n\n--><br \/>\n<\/body><\/p>\n","protected":false},"excerpt":{"rendered":"<p>C\u00e1mara de Comercio de Valverde premia m\u00f3dulos m\u00e1s creativos y organiza concurso del logotipo de Expo Valverde&#13; &#13; Mao.- La C\u00e1mara de Comercio y Producci\u00f3n de Valverde, Inc. organiz\u00f3 un concurso del logotipo de Expo Valverde, el cual ser\u00e1 la imagen dentro de los pr\u00f3ximos cinco de a\u00f1os de la Feria Multisectorial del Noroeste. Adem\u00e1s [&hellip;]<\/p>\n","protected":false},"author":3,"featured_media":0,"comment_status":"open","ping_status":"open","sticky":false,"template":"","format":"standard","meta":{"footnotes":""},"categories":[25],"tags":[],"class_list":["post-92435","post","type-post","status-publish","format-standard","hentry","category-gente"],"_links":{"self":[{"href":"https:\/\/diariodominicano.com\/index.php?rest_route=\/wp\/v2\/posts\/92435","targetHints":{"allow":["GET"]}}],"collection":[{"href":"https:\/\/diariodominicano.com\/index.php?rest_route=\/wp\/v2\/posts"}],"about":[{"href":"https:\/\/diariodominicano.com\/index.php?rest_route=\/wp\/v2\/types\/post"}],"author":[{"embeddable":true,"href":"https:\/\/diariodominicano.com\/index.php?rest_route=\/wp\/v2\/users\/3"}],"replies":[{"embeddable":true,"href":"https:\/\/diariodominicano.com\/index.php?rest_route=%2Fwp%2Fv2%2Fcomments&post=92435"}],"version-history":[{"count":0,"href":"https:\/\/diariodominicano.com\/index.php?rest_route=\/wp\/v2\/posts\/92435\/revisions"}],"wp:attachment":[{"href":"https:\/\/diariodominicano.com\/index.php?rest_route=%2Fwp%2Fv2%2Fmedia&parent=92435"}],"wp:term":[{"taxonomy":"category","embeddable":true,"href":"https:\/\/diariodominicano.com\/index.php?rest_route=%2Fwp%2Fv2%2Fcategories&post=92435"},{"taxonomy":"post_tag","embeddable":true,"href":"https:\/\/diariodominicano.com\/index.php?rest_route=%2Fwp%2Fv2%2Ftags&post=92435"}],"curies":[{"name":"wp","href":"https:\/\/api.w.org\/{rel}","templated":true}]}}