{"id":92434,"date":"2008-09-02T16:36:27","date_gmt":"2008-09-02T16:36:27","guid":{"rendered":"http:\/\/diariodominicano.ddns.net\/?p=92434"},"modified":"2008-09-02T16:36:27","modified_gmt":"2008-09-02T16:36:27","slug":"danny-daniel-anuncia-gira-de-conciertos-en-republica-dominicana","status":"publish","type":"post","link":"https:\/\/diariodominicano.com\/?p=92434","title":{"rendered":"Danny Daniel anuncia gira de conciertos en Rep\u00fablica Dominicana"},"content":{"rendered":"<p><body><\/p>\n<p align=\"center\"><span class=\"titulogrande1\">Danny Daniel anuncia gira de  conciertos en Rep\u00fablica Dominicana<\/span><br \/>&#13;<br \/>\n  \u00a0<br \/>&#13;<br \/>\n<span class=\"text1noticias\">Se presenta en Santo Domingo,  Santiago y San Francisco de Macor\u00eds<\/span><\/p>\n<p>&#13;<\/p>\n<p align=\"justify\"><span class=\"text1noticias\"><strong><img loading=\"lazy\" decoding=\"async\" src=\"http:\/\/localhost:8080\/gente\/img\/dany daniel.jpg\" width=\"375\" height=\"908\" hspace=\"4\" align=\"left\" \/>Santo Domingo.-<\/strong> El cantante espa\u00f1ol Danny Daniel llega al pa\u00eds para una gira de  conciertos que lo llevar\u00e1 por varias provincias de Rep\u00fablica Dominicana durante  el mes de septiembre.<br \/>&#13;<br \/>\n  \u00a0<br \/>&#13;<br \/>\n  El afamado cantautor  asturiano se presenta el viernes 12 en la popular sala de conciertos del  Maunaloa Night Club &amp; Casino en Santo Domingo; el s\u00e1bado 13 llega a la renovada  discoteca Las Vegas de Santiago de los Caballeros y el s\u00e1bado 26, en la reci\u00e9n  abierta discoteca Yudul de San Francisco de Macor\u00eds.<br \/>&#13;<br \/>\n  \u00a0<br \/>&#13;<br \/>\n  Durante los shows el  int\u00e9rprete har\u00e1 uso de las composiciones que marcaron su carrera y que a partir  de 1969 lo convirtieron en una de las primeras figuras de la canci\u00f3n  iberoamericana.<br \/>&#13;<br \/>\n  \u00a0<br \/>&#13;<br \/>\n  \u00abDanny dice que la  mayor\u00eda de los dominicanos han sido seguidores de sus canciones, por ello  prepara un repertorio esmerado para estos conciertos\u00bb, expresaron los  promotores de la gira.<br \/>&#13;<br \/>\n  \u00a0<br \/>&#13;<br \/>\n  En dichas presentaciones se  espera el desfile de los \u00e9xitos: \u00abPor el amor de una mujer\u00bb, \u00abEl  vals de las mariposas\u00bb \u00abNuestro amor es complicado\u00bb,\u00a0 \u00abHay amor si tu quisieras\u00bb, \u00abDe  ti mujer\u00bb, \u00abNo hay nada tan hermoso\u00bb, \u00abMadre cuando quieras  voy a verte\u00bb y otros m\u00e1s.<br \/>&#13;<br \/>\n  \u00a0<br \/>&#13;<br \/>\n  Daniel Cand\u00f3n de la Campa es el nombre de pila  de este gran compositor, quien atendiendo la sugerencia de un amigo lo cambi\u00f3 a  Danny Daniel.<br \/>&#13;<br \/>\n  \u00a0<br \/>&#13;<br \/>\n  Su carrera de compositor  inicia en 1969 cuando musicaliza un poema de Gustavo Adolfo B\u00e9cquer dando pie a  una trayectoria de \u00e9xitos excepcionales.<br \/>&#13;<br \/>\n  \u00a0<br \/>&#13;<br \/>\n  Julio Iglesias fue uno de los  grandes que inmortaliz\u00f3 varios temas de Daniel, entre ellos el m\u00e1s emblem\u00e1tico  de su carrera \u00abPor el amor de una mujer\u00bb que tambi\u00e9n hiciera famoso  el dominicano Fernandino Villalona.<br \/>&#13;<br \/>\n  \u00a0<br \/>&#13;<br \/>\n  De igual forma artistas como  Donna Hightower, Nancy Wilson, Cliff Richard y Mike Kennedy encontraron en el  artista espa\u00f1ol, ahora radicado en Miami, una fuente inmensa de creaciones  musicales que sirvieron de impulso para sus carreras.<br \/>&#13;<br \/>\n  \u00a0<br \/>&#13;<br \/>\n  Sin lugar a dudas que Danny  Daniel es una de las principales atracciones del mes en la escena art\u00edstica  local, constituy\u00e9ndose en una propuesta de primera para los amantes de la  m\u00fasica del ayer.<\/span><\/p>\n<p>&#13;<\/p>\n<h6> 2008-09-02 16:36:27 <\/h6>\n<p><!--\n<link rel=\"stylesheet\" href=\"css\/bootstrap.min.css\">\n\n\n<ul class=\"pagination\">\n\t    \n\t\n\n<li >\n\t<a href='?page_no=21055'>Previous<\/a>\n\t<\/li>\n\n\n       \n    \n\n<li><a href='?page_no=1'>1<\/a><\/li>\n\n\n\n<li><a href='?page_no=2'>2<\/a><\/li>\n\n\n\n<li><a>...<\/a><\/li>\n\n\n\n<li><a href='?page_no=21054'>21054<\/a><\/li>\n\n\n\n<li><a href='?page_no=21055'>21055<\/a><\/li>\n\n\n\n<li class='active'><a>21056<\/a><\/li>\n\n\n\n<li><a href='?page_no=21057'>21057<\/a><\/li>\n\n\n\n<li><a href='?page_no=21058'>21058<\/a><\/li>\n\n\n\n<li><a>...<\/a><\/li>\n\n\n\n<li><a href='?page_no=22522'>22522<\/a><\/li>\n\n\n\n<li><a href='?page_no=22523'>22523<\/a><\/li>\n\n    \n\t\n\n<li >\n\t<a href='?page_no=21057'>Next<\/a>\n\t<\/li>\n\n\n    \n\n<li><a href='?page_no=22523'>Last &rsaquo;&rsaquo;<\/a><\/li>\n\n<\/ul>\n\n\n--><br \/>\n<\/body><\/p>\n","protected":false},"excerpt":{"rendered":"<p>Danny Daniel anuncia gira de conciertos en Rep\u00fablica Dominicana&#13; \u00a0&#13; Se presenta en Santo Domingo, Santiago y San Francisco de Macor\u00eds &#13; Santo Domingo.- El cantante espa\u00f1ol Danny Daniel llega al pa\u00eds para una gira de conciertos que lo llevar\u00e1 por varias provincias de Rep\u00fablica Dominicana durante el mes de septiembre.&#13; \u00a0&#13; El afamado cantautor [&hellip;]<\/p>\n","protected":false},"author":3,"featured_media":0,"comment_status":"open","ping_status":"open","sticky":false,"template":"","format":"standard","meta":{"footnotes":""},"categories":[25],"tags":[],"class_list":["post-92434","post","type-post","status-publish","format-standard","hentry","category-gente"],"_links":{"self":[{"href":"https:\/\/diariodominicano.com\/index.php?rest_route=\/wp\/v2\/posts\/92434","targetHints":{"allow":["GET"]}}],"collection":[{"href":"https:\/\/diariodominicano.com\/index.php?rest_route=\/wp\/v2\/posts"}],"about":[{"href":"https:\/\/diariodominicano.com\/index.php?rest_route=\/wp\/v2\/types\/post"}],"author":[{"embeddable":true,"href":"https:\/\/diariodominicano.com\/index.php?rest_route=\/wp\/v2\/users\/3"}],"replies":[{"embeddable":true,"href":"https:\/\/diariodominicano.com\/index.php?rest_route=%2Fwp%2Fv2%2Fcomments&post=92434"}],"version-history":[{"count":0,"href":"https:\/\/diariodominicano.com\/index.php?rest_route=\/wp\/v2\/posts\/92434\/revisions"}],"wp:attachment":[{"href":"https:\/\/diariodominicano.com\/index.php?rest_route=%2Fwp%2Fv2%2Fmedia&parent=92434"}],"wp:term":[{"taxonomy":"category","embeddable":true,"href":"https:\/\/diariodominicano.com\/index.php?rest_route=%2Fwp%2Fv2%2Fcategories&post=92434"},{"taxonomy":"post_tag","embeddable":true,"href":"https:\/\/diariodominicano.com\/index.php?rest_route=%2Fwp%2Fv2%2Ftags&post=92434"}],"curies":[{"name":"wp","href":"https:\/\/api.w.org\/{rel}","templated":true}]}}