{"id":92433,"date":"2008-09-02T20:42:31","date_gmt":"2008-09-02T20:42:31","guid":{"rendered":"http:\/\/diariodominicano.ddns.net\/?p=92433"},"modified":"2008-09-02T20:42:31","modified_gmt":"2008-09-02T20:42:31","slug":"raul-del-sol-continua-con-paso-firme-su-camino-a-la-grandeza","status":"publish","type":"post","link":"https:\/\/diariodominicano.com\/?p=92433","title":{"rendered":"Ra\u00fal del Sol contin\u00faa con paso firme su camino a la grandeza"},"content":{"rendered":"<p><body><\/p>\n<p align=\"center\"><strong class=\"titulogrande1\">Ra\u00fal del  Sol contin\u00faa con paso firme su camino a la grandeza <\/strong><\/p>\n<p>&#13;<\/p>\n<p align=\"justify\"><strong>Este  talentoso artista cubano ha sido el genio creativo detr\u00e1s de las m\u00e1s importantes composiciones  latinoamericanas de los \u00faltimos a\u00f1os<\/strong><br \/>&#13;<br \/>\n  <br \/>&#13;<br \/>\n  <strong>Ra\u00fal del  Sol actualmente es uno de los int\u00e9rpretes m\u00e1s populares en Panam\u00e1<\/strong><br \/>&#13;<br \/>\n    <br \/>&#13;<br \/>\n  <strong>Su disco  debut \u201cCaminar so\u00f1ando\u201d est\u00e1 a la venta en las principales tiendas musicales de Estados Unidos y Latinoam\u00e9rica<\/strong><\/p>\n<p>&#13;<\/p>\n<p align=\"justify\" class=\"text1noticias\"><img loading=\"lazy\" decoding=\"async\" src=\"http:\/\/localhost:8080\/gente\/img\/raul del sol.jpg\" width=\"375\" height=\"206\" hspace=\"4\" align=\"left\" \/><strong>Miami, FL.-<\/strong> <strong>Ra\u00fal del Sol<\/strong>,  un compositor que ha dedicado su talento a artistas de la talla de <strong>Ricky Martin<\/strong>, <strong>Chayanne<\/strong>, <strong>Jos\u00e9 Luis Perales<\/strong>, <strong>Ricardo Arjona<\/strong>, <strong>Julio Iglesias<\/strong>, entre otros, contin\u00faa dando pasos agigantados con  el fin de convertirse en un int\u00e9rprete con luz propia.<br \/>&#13;<br \/>\n  <br \/>&#13;<br \/>\n  Este talentoso  m\u00fasico de origen cubano, empez\u00f3 su trayectoria en el \u00e1mbito musical a  principios de los noventa de la mano del m\u00fasico y compatriota <strong>Donato Poveda<\/strong>, y desde entonces se ha  convertido en unos arreglistas m\u00e1s originales de la industria.<br \/>&#13;<br \/>\n  <br \/>&#13;<br \/>\n  Sus habilidades son  evidencia del maravilloso sentido art\u00edstico que posee, llev\u00e1ndolo a producir  discos de gran calidad como fue el \u00e1lbum debut de <strong>Francisco<\/strong> \u201c<strong>Pancho<\/strong>\u201d <strong>C\u00e9spedes<\/strong>, \u201cVida Loca\u201d.<br \/>&#13;<br \/>\n  <br \/>&#13;<br \/>\n  Asimismo compuso el  \u00e9xito \u201cDemasiado Fuerte\u201d, interpretado por el brasile\u00f1o <strong>Alexander Pires<\/strong>, y logra sus primeras nominaciones a los premios  Grammy con el tema \u201cFabricando Fantas\u00edas\u201d del salsero <strong>Tito Nieves<\/strong>, y a los Grammy Latino con \u201cCreo en el amor\u201d y \u201cNadie  m\u00e1s que t\u00fa\u201d, interpretadas por <strong>Rey Ruiz<\/strong> y <strong>Ricky Martin,<\/strong> respectivamente.<br \/>&#13;<br \/>\n  <br \/>&#13;<br \/>\n  Con este  impresionante cat\u00e1logo de \u00e9xitos sobre sus hombros, Ra\u00fal del Sol ha iniciado su  proyecto como solista con la grabaci\u00f3n del disco \u201cCaminar So\u00f1ando\u201d, el cual ya  ha comenzado a calar en los corazones de miles de fan\u00e1ticos por toda  Latinoam\u00e9rica.<br \/>&#13;<br \/>\n  <br \/>&#13;<br \/>\n  Evidencia de esto es que el sencillo de esta  producci\u00f3n,\u00a0 titulado \u201cEl Mensaje\u201d, se  encuentra en la posici\u00f3n n\u00famero 5 en Las 21 \u00danicas de Radio Mil en la lista que  edit\u00f3 la popular emisora paname\u00f1a el pasado 23 de agosto.<br \/>&#13;<br \/>\n  <br \/>&#13;<br \/>\n  Descubra esta nueva  estrella que brilla cada vez con m\u00e1s fuerza en el firmamento de la m\u00fasica  latina.<br \/>&#13;<br \/>\n  <br \/>&#13;<br \/>\n\u201cCaminar So\u00f1ando\u201d es  un lanzamiento del sello Alumbra Record y ya est\u00e1 a la venta en todas las  tiendas de discos, as\u00ed como a trav\u00e9s de Internet en p\u00e1ginas como iTunes y CD  Baby, entre otras.<\/p>\n<p>&#13;<\/p>\n<h6> 2008-09-02 20:42:31 <\/h6>\n<p><!--\n<link rel=\"stylesheet\" href=\"css\/bootstrap.min.css\">\n\n\n<ul class=\"pagination\">\n\t    \n\t\n\n<li >\n\t<a href='?page_no=21054'>Previous<\/a>\n\t<\/li>\n\n\n       \n    \n\n<li><a href='?page_no=1'>1<\/a><\/li>\n\n\n\n<li><a href='?page_no=2'>2<\/a><\/li>\n\n\n\n<li><a>...<\/a><\/li>\n\n\n\n<li><a href='?page_no=21053'>21053<\/a><\/li>\n\n\n\n<li><a href='?page_no=21054'>21054<\/a><\/li>\n\n\n\n<li class='active'><a>21055<\/a><\/li>\n\n\n\n<li><a href='?page_no=21056'>21056<\/a><\/li>\n\n\n\n<li><a href='?page_no=21057'>21057<\/a><\/li>\n\n\n\n<li><a>...<\/a><\/li>\n\n\n\n<li><a href='?page_no=22522'>22522<\/a><\/li>\n\n\n\n<li><a href='?page_no=22523'>22523<\/a><\/li>\n\n    \n\t\n\n<li >\n\t<a href='?page_no=21056'>Next<\/a>\n\t<\/li>\n\n\n    \n\n<li><a href='?page_no=22523'>Last &rsaquo;&rsaquo;<\/a><\/li>\n\n<\/ul>\n\n\n--><br \/>\n<\/body><\/p>\n","protected":false},"excerpt":{"rendered":"<p>Ra\u00fal del Sol contin\u00faa con paso firme su camino a la grandeza &#13; Este talentoso artista cubano ha sido el genio creativo detr\u00e1s de las m\u00e1s importantes composiciones latinoamericanas de los \u00faltimos a\u00f1os&#13; &#13; Ra\u00fal del Sol actualmente es uno de los int\u00e9rpretes m\u00e1s populares en Panam\u00e1&#13; &#13; Su disco debut \u201cCaminar so\u00f1ando\u201d est\u00e1 a [&hellip;]<\/p>\n","protected":false},"author":3,"featured_media":0,"comment_status":"open","ping_status":"open","sticky":false,"template":"","format":"standard","meta":{"footnotes":""},"categories":[25],"tags":[],"class_list":["post-92433","post","type-post","status-publish","format-standard","hentry","category-gente"],"_links":{"self":[{"href":"https:\/\/diariodominicano.com\/index.php?rest_route=\/wp\/v2\/posts\/92433","targetHints":{"allow":["GET"]}}],"collection":[{"href":"https:\/\/diariodominicano.com\/index.php?rest_route=\/wp\/v2\/posts"}],"about":[{"href":"https:\/\/diariodominicano.com\/index.php?rest_route=\/wp\/v2\/types\/post"}],"author":[{"embeddable":true,"href":"https:\/\/diariodominicano.com\/index.php?rest_route=\/wp\/v2\/users\/3"}],"replies":[{"embeddable":true,"href":"https:\/\/diariodominicano.com\/index.php?rest_route=%2Fwp%2Fv2%2Fcomments&post=92433"}],"version-history":[{"count":0,"href":"https:\/\/diariodominicano.com\/index.php?rest_route=\/wp\/v2\/posts\/92433\/revisions"}],"wp:attachment":[{"href":"https:\/\/diariodominicano.com\/index.php?rest_route=%2Fwp%2Fv2%2Fmedia&parent=92433"}],"wp:term":[{"taxonomy":"category","embeddable":true,"href":"https:\/\/diariodominicano.com\/index.php?rest_route=%2Fwp%2Fv2%2Fcategories&post=92433"},{"taxonomy":"post_tag","embeddable":true,"href":"https:\/\/diariodominicano.com\/index.php?rest_route=%2Fwp%2Fv2%2Ftags&post=92433"}],"curies":[{"name":"wp","href":"https:\/\/api.w.org\/{rel}","templated":true}]}}