{"id":92432,"date":"2008-09-02T20:54:41","date_gmt":"2008-09-02T20:54:41","guid":{"rendered":"http:\/\/diariodominicano.ddns.net\/?p=92432"},"modified":"2008-09-02T20:54:41","modified_gmt":"2008-09-02T20:54:41","slug":"julio-bevione-presenta-su-primer-libro-para-ninos","status":"publish","type":"post","link":"https:\/\/diariodominicano.com\/?p=92432","title":{"rendered":"Julio Bevione presenta su primer libro para ni\u00f1os"},"content":{"rendered":"<p><body><\/p>\n<p align=\"center\" class=\"titulogrande1\"><strong>Julio  Bevione presenta su primer libro para ni\u00f1os<\/strong><\/p>\n<p>&#13;<\/p>\n<p align=\"justify\"><strong>Se titula  \u201c\u00a1Qu\u00e9 maravilla! Mis primeros pasos en la espiritualidad\u201d<\/strong><br \/>&#13;<br \/>\n  <br \/>&#13;<br \/>\n  <strong>Bevione es  una de las voces m\u00e1s j\u00f3venes de la espiritualidad en Latinoam\u00e9rica<\/strong><br \/>&#13;<br \/>\n  <br \/>&#13;<br \/>\n  <strong>Sin ninguna  identificaci\u00f3n religiosa, su mensaje es universal y apunta al autodescubrimiento<\/strong><br \/>&#13;<br \/>\n    <br \/>&#13;<br \/>\n    <strong>El libro  est\u00e1 disponible desde hoy en Amazon.com y en librer\u00edas<\/strong><br \/>&#13;<br \/>\n    <br \/>&#13;<br \/>\n    <span class=\"text1noticias\"><strong><img loading=\"lazy\" decoding=\"async\" src=\"http:\/\/localhost:8080\/gente\/img\/bevione libro.jpg\" width=\"375\" height=\"569\" hspace=\"4\" align=\"left\" \/>Miami, FL.- <\/strong>\u00a0<strong>Julio Bevione<\/strong> presenta su nuevo libro titulado \u201c\u00a1Qu\u00e9 maravilla! Mis primeros pasos en la  espiritualidad\u201d. La publicaci\u00f3n est\u00e1 dirigida a los ni\u00f1os y tiene el prop\u00f3sito  de acercar a padres e hijos para hablar de su mundo interior.<br \/>&#13;<br \/>\n    <br \/>&#13;<br \/>\n\u201cDesde que nacieron  mis sobrinos, se despert\u00f3 la necesidad de poder contarles que somos m\u00e1s que un  cuerpo y entusiasmarlos a que descubran su luz interior, para luego compartirla  con los dem\u00e1s\u201d, dice el autor en su pr\u00f3logo.<br \/>&#13;<br \/>\n<br \/>&#13;<br \/>\nBevione sostiene que  esta misma necesidad es la que tienen muchos padres que desean hablar con sus  hijos de espiritualidad y no saben c\u00f3mo hacerlo, por lo que ofrece lo que \u00e9l  considera el camino m\u00e1s f\u00e1cil y divertido: a trav\u00e9s de dibujos y ejercicios  simples.<br \/>&#13;<br \/>\n<br \/>&#13;<br \/>\n\u201cLos ni\u00f1os no  necesitan tanta informaci\u00f3n, s\u00f3lo tenemos que facilitarles el camino jugando\u201d,  asegura Bevione, una de las voces j\u00f3venes m\u00e1s populares de la espiritualidad en  el mundo hispano.<br \/>&#13;<br \/>\n<br \/>&#13;<br \/>\nSin ninguna  identificaci\u00f3n religiosa, \u201c\u00a1Qu\u00e9 maravilla! Mis primeros pasos en la  espiritualidad\u201d, expresa un mensaje universal y apunta al autodescubrimiento.<br \/>&#13;<br \/>\n<br \/>&#13;<br \/>\nEn las pr\u00f3ximas  semanas Bevione se encuentra realizando seminarios y conferencias en ciudades  de Estados Unidos, Espa\u00f1a, Argentina, M\u00e9xico y Guatemala. Es autor de los  libros \u201cVivir en La Zona\u201d y \u201c52 Semanas para Vivir en La Zona\u201d, y cada mes se  puede leer su columna en la revista Selecciones del Reader\u00b4s Digest.<br \/>&#13;<br \/>\n<br \/>&#13;<br \/>\n\u201c\u00a1Qu\u00e9 maravilla! Mis  primeros pasos en la espiritualidad\u201d ya se puede adquirir en el sitio de  Internet www.amazon.com y librer\u00edas especializadas.<\/span><\/p>\n<p>&#13;<\/p>\n<h6> 2008-09-02 20:54:41 <\/h6>\n<p><!--\n<link rel=\"stylesheet\" href=\"css\/bootstrap.min.css\">\n\n\n<ul class=\"pagination\">\n\t    \n\t\n\n<li >\n\t<a href='?page_no=21053'>Previous<\/a>\n\t<\/li>\n\n\n       \n    \n\n<li><a href='?page_no=1'>1<\/a><\/li>\n\n\n\n<li><a href='?page_no=2'>2<\/a><\/li>\n\n\n\n<li><a>...<\/a><\/li>\n\n\n\n<li><a href='?page_no=21052'>21052<\/a><\/li>\n\n\n\n<li><a href='?page_no=21053'>21053<\/a><\/li>\n\n\n\n<li class='active'><a>21054<\/a><\/li>\n\n\n\n<li><a href='?page_no=21055'>21055<\/a><\/li>\n\n\n\n<li><a href='?page_no=21056'>21056<\/a><\/li>\n\n\n\n<li><a>...<\/a><\/li>\n\n\n\n<li><a href='?page_no=22522'>22522<\/a><\/li>\n\n\n\n<li><a href='?page_no=22523'>22523<\/a><\/li>\n\n    \n\t\n\n<li >\n\t<a href='?page_no=21055'>Next<\/a>\n\t<\/li>\n\n\n    \n\n<li><a href='?page_no=22523'>Last &rsaquo;&rsaquo;<\/a><\/li>\n\n<\/ul>\n\n\n--><br \/>\n<\/body><\/p>\n","protected":false},"excerpt":{"rendered":"<p>Julio Bevione presenta su primer libro para ni\u00f1os &#13; Se titula \u201c\u00a1Qu\u00e9 maravilla! Mis primeros pasos en la espiritualidad\u201d&#13; &#13; Bevione es una de las voces m\u00e1s j\u00f3venes de la espiritualidad en Latinoam\u00e9rica&#13; &#13; Sin ninguna identificaci\u00f3n religiosa, su mensaje es universal y apunta al autodescubrimiento&#13; &#13; El libro est\u00e1 disponible desde hoy en Amazon.com [&hellip;]<\/p>\n","protected":false},"author":3,"featured_media":0,"comment_status":"open","ping_status":"open","sticky":false,"template":"","format":"standard","meta":{"footnotes":""},"categories":[25],"tags":[],"class_list":["post-92432","post","type-post","status-publish","format-standard","hentry","category-gente"],"_links":{"self":[{"href":"https:\/\/diariodominicano.com\/index.php?rest_route=\/wp\/v2\/posts\/92432","targetHints":{"allow":["GET"]}}],"collection":[{"href":"https:\/\/diariodominicano.com\/index.php?rest_route=\/wp\/v2\/posts"}],"about":[{"href":"https:\/\/diariodominicano.com\/index.php?rest_route=\/wp\/v2\/types\/post"}],"author":[{"embeddable":true,"href":"https:\/\/diariodominicano.com\/index.php?rest_route=\/wp\/v2\/users\/3"}],"replies":[{"embeddable":true,"href":"https:\/\/diariodominicano.com\/index.php?rest_route=%2Fwp%2Fv2%2Fcomments&post=92432"}],"version-history":[{"count":0,"href":"https:\/\/diariodominicano.com\/index.php?rest_route=\/wp\/v2\/posts\/92432\/revisions"}],"wp:attachment":[{"href":"https:\/\/diariodominicano.com\/index.php?rest_route=%2Fwp%2Fv2%2Fmedia&parent=92432"}],"wp:term":[{"taxonomy":"category","embeddable":true,"href":"https:\/\/diariodominicano.com\/index.php?rest_route=%2Fwp%2Fv2%2Fcategories&post=92432"},{"taxonomy":"post_tag","embeddable":true,"href":"https:\/\/diariodominicano.com\/index.php?rest_route=%2Fwp%2Fv2%2Ftags&post=92432"}],"curies":[{"name":"wp","href":"https:\/\/api.w.org\/{rel}","templated":true}]}}