{"id":92430,"date":"2008-09-04T18:57:54","date_gmt":"2008-09-04T18:57:54","guid":{"rendered":"http:\/\/diariodominicano.ddns.net\/?p=92430"},"modified":"2008-09-04T18:57:54","modified_gmt":"2008-09-04T18:57:54","slug":"ednita-nazario-presenta-su-nuevo-disco-en-vivo","status":"publish","type":"post","link":"https:\/\/diariodominicano.com\/?p=92430","title":{"rendered":"Ednita Nazario presenta su nuevo disco en vivo"},"content":{"rendered":"<p><body><\/p>\n<p class=\"titulogrande1\">Ednita Nazario presenta su nuevo disco en vivo<\/p>\n<p>&#13;<\/p>\n<p align=\"justify\"><strong>Se titula  \u201cReal\u2026 En Vivo\u201d y fue grabado en mayo en el Coliseo de Puerto Rico<\/strong><br \/>&#13;<br \/>\n    <strong><br \/>&#13;<br \/>\n  M\u00e1s de 60  mil personas disfrutaron de las tres presentaciones ese fin de semana<\/strong><br \/>&#13;<br \/>\n  <br \/>&#13;<br \/>\n    <strong>Interpreta  sus mayores \u00e9xitos y tiene a Ricky Martin y Tommy Torres como invitados especiales<\/strong><br \/>&#13;<br \/>\n    <br \/>&#13;<br \/>\n  <strong>Se presenta  en formato de CD y DVD  y llega el pr\u00f3ximo 9 de septiembre a las tiendas<\/strong><br \/>&#13;<br \/>\n    <br \/>&#13;<br \/>\n  <strong>Es otro  lanzamiento de Sony BMG Latin<\/strong><br \/>&#13;<br \/>\n  <br \/>&#13;<br \/>\n  <span class=\"text1noticias\"><strong><img loading=\"lazy\" decoding=\"async\" src=\"http:\/\/localhost:8080\/gente\/img\/ednita nazaro.jpg\" width=\"375\" height=\"246\" hspace=\"4\" align=\"left\" \/>Miami, FL.- <\/strong>Adem\u00e1s de portar una voz de gran calibre y ser una  compositora excepcional, <strong>Ednita Nazario<\/strong> es una estrella que tambi\u00e9n alcanza su brillo propio en\u00a0los conciertos en  vivo. Por eso es que su nuevo disco trae todos los ingredientes para disfrutar  de su talento al m\u00e1ximo.<br \/>&#13;<br \/>\n  <br \/>&#13;<br \/>\n\u201cReal\u2026 En Vivo\u201d es  el nombre de este lanzamiento de Sony BMG Latin que llegar\u00e1 el martes 9 de  septiembre a las tiendas. En una mega producci\u00f3n grabada en mayo pasado, con  una asistencia de m\u00e1s de 60 mil personas durante los tres conciertos ofrecidos  ese fin de semana en el Coliseo de Puerto Rico, la artista present\u00f3 un  despliegue que no dej\u00f3 de sorprender al p\u00fablico en cada minuto del show.<br \/>&#13;<br \/>\n<br \/>&#13;<br \/>\n\u201cEste  fue un trabajo de amor, hecho con esfuerzo y con todo mi coraz\u00f3n, fueron tres  noches llenas de magia y estoy muy feliz de poderlo compartir con mi p\u00fablico\u201d,  expres\u00f3.<br \/>&#13;<br \/>\n<br \/>&#13;<br \/>\nEn el escenario,  recibi\u00f3 a dos invitados y amigos: <strong>Ricky  Martin<\/strong> y <strong>Tommy Torres<\/strong>, para  interpretar sus grandes \u00e9xitos.<br \/>&#13;<br \/>\n<br \/>&#13;<br \/>\n\u201cCreo  mucho en colaborar con mis amigos. En los shows me gusta usar el elemento de  la sorpresa y de los secretos. Amo sorprender a la audiencia  con\u00a0momentos inesperados\u201d, dice Ednita, asegurando que su atenci\u00f3n  \u201csiempre est\u00e1 puesta en brindar algo nuevo, fresco, diferente y expresivo\u201d.<br \/>&#13;<br \/>\n<br \/>&#13;<br \/>\nCon \u201cReal\u2026 En Vivo\u201d,  Ednita Nazario confirma ser una de las artistas latinas m\u00e1s importantes de  nuestra \u00e9poca.<\/span><\/p>\n<p>&#13;<\/p>\n<p align=\"justify\" class=\"text1noticias\">La producci\u00f3n se  presenta en formatos de venta separada de CD con 11 canciones y DVD con 21  temas.<\/p>\n<p>&#13;<\/p>\n<h6> 2008-09-04 18:57:54 <\/h6>\n<p><!--\n<link rel=\"stylesheet\" href=\"css\/bootstrap.min.css\">\n\n\n<ul class=\"pagination\">\n\t    \n\t\n\n<li >\n\t<a href='?page_no=21051'>Previous<\/a>\n\t<\/li>\n\n\n       \n    \n\n<li><a href='?page_no=1'>1<\/a><\/li>\n\n\n\n<li><a href='?page_no=2'>2<\/a><\/li>\n\n\n\n<li><a>...<\/a><\/li>\n\n\n\n<li><a href='?page_no=21050'>21050<\/a><\/li>\n\n\n\n<li><a href='?page_no=21051'>21051<\/a><\/li>\n\n\n\n<li class='active'><a>21052<\/a><\/li>\n\n\n\n<li><a href='?page_no=21053'>21053<\/a><\/li>\n\n\n\n<li><a href='?page_no=21054'>21054<\/a><\/li>\n\n\n\n<li><a>...<\/a><\/li>\n\n\n\n<li><a href='?page_no=22522'>22522<\/a><\/li>\n\n\n\n<li><a href='?page_no=22523'>22523<\/a><\/li>\n\n    \n\t\n\n<li >\n\t<a href='?page_no=21053'>Next<\/a>\n\t<\/li>\n\n\n    \n\n<li><a href='?page_no=22523'>Last &rsaquo;&rsaquo;<\/a><\/li>\n\n<\/ul>\n\n\n--><br \/>\n<\/body><\/p>\n","protected":false},"excerpt":{"rendered":"<p>Ednita Nazario presenta su nuevo disco en vivo &#13; Se titula \u201cReal\u2026 En Vivo\u201d y fue grabado en mayo en el Coliseo de Puerto Rico&#13; &#13; M\u00e1s de 60 mil personas disfrutaron de las tres presentaciones ese fin de semana&#13; &#13; Interpreta sus mayores \u00e9xitos y tiene a Ricky Martin y Tommy Torres como invitados [&hellip;]<\/p>\n","protected":false},"author":3,"featured_media":0,"comment_status":"open","ping_status":"open","sticky":false,"template":"","format":"standard","meta":{"footnotes":""},"categories":[25],"tags":[],"class_list":["post-92430","post","type-post","status-publish","format-standard","hentry","category-gente"],"_links":{"self":[{"href":"https:\/\/diariodominicano.com\/index.php?rest_route=\/wp\/v2\/posts\/92430","targetHints":{"allow":["GET"]}}],"collection":[{"href":"https:\/\/diariodominicano.com\/index.php?rest_route=\/wp\/v2\/posts"}],"about":[{"href":"https:\/\/diariodominicano.com\/index.php?rest_route=\/wp\/v2\/types\/post"}],"author":[{"embeddable":true,"href":"https:\/\/diariodominicano.com\/index.php?rest_route=\/wp\/v2\/users\/3"}],"replies":[{"embeddable":true,"href":"https:\/\/diariodominicano.com\/index.php?rest_route=%2Fwp%2Fv2%2Fcomments&post=92430"}],"version-history":[{"count":0,"href":"https:\/\/diariodominicano.com\/index.php?rest_route=\/wp\/v2\/posts\/92430\/revisions"}],"wp:attachment":[{"href":"https:\/\/diariodominicano.com\/index.php?rest_route=%2Fwp%2Fv2%2Fmedia&parent=92430"}],"wp:term":[{"taxonomy":"category","embeddable":true,"href":"https:\/\/diariodominicano.com\/index.php?rest_route=%2Fwp%2Fv2%2Fcategories&post=92430"},{"taxonomy":"post_tag","embeddable":true,"href":"https:\/\/diariodominicano.com\/index.php?rest_route=%2Fwp%2Fv2%2Ftags&post=92430"}],"curies":[{"name":"wp","href":"https:\/\/api.w.org\/{rel}","templated":true}]}}