{"id":92429,"date":"2008-09-04T21:11:31","date_gmt":"2008-09-04T21:11:31","guid":{"rendered":"http:\/\/diariodominicano.ddns.net\/?p=92429"},"modified":"2008-09-04T21:11:31","modified_gmt":"2008-09-04T21:11:31","slug":"felipe-polanco-boruga-pospone-show-cristiano-en-coliseo-de-boxeo-carlos-teo-cruz","status":"publish","type":"post","link":"https:\/\/diariodominicano.com\/?p=92429","title":{"rendered":"Felipe Polanco \u00abBoruga\u00bb pospone show cristiano en coliseo de boxeo Carlos Teo Cruz"},"content":{"rendered":"<p><body><\/p>\n<p align=\"justify\" class=\"titulogrande1\"><strong>Felipe Polanco \u00abBoruga\u00bb pospone show cristiano en\u00a0coliseo  de boxeo\u00a0Carlos Teo Cruz<\/strong><\/p>\n<p>&#13;<\/p>\n<p align=\"justify\" class=\"text1noticias\"><strong>La decisi\u00f3n fue tomada como medida de precauci\u00f3n ante el paso del  hurac\u00e1n Ike por las costas dominicanas<\/strong><\/p>\n<p>&#13;<\/p>\n<p align=\"justify\" class=\"text1noticias\"><strong><img loading=\"lazy\" decoding=\"async\" src=\"http:\/\/localhost:8080\/gente\/img\/boruga shows.jpg\" width=\"375\" height=\"564\" hspace=\"4\" align=\"left\" \/>Santo Domingo.- <\/strong> Felipe Polanco \u00abBoruga\u00bb informa que el espect\u00e1culo de humor cristiano  \u00abDios me ha hecho Re\u00edr\u00bb, pautado para este viernes 5 de septiembre en  el coliseo de boxeo Carlos Teo Cruz, fue cancelado.<\/p>\n<p>&#13;<\/p>\n<p align=\"justify\" class=\"text1noticias\">La decisi\u00f3n ha sido tomada como medida de precauci\u00f3n ante las lluvias  que se esperan a partir de este viernes en la ciudad de Santo Domingo, inform\u00f3  el productor.<\/p>\n<p>&#13;<\/p>\n<p align=\"justify\" class=\"text1noticias\">\u00abEntendemos que no es prudente distraer al p\u00fablico con actividades  recreativas en momentos en que toda su atenci\u00f3n debe centrarse en los boletines  que emiten los organismos de seguridad y rescate\u00bb, se\u00f1ala Felipe.<\/p>\n<p>&#13;<\/p>\n<p align=\"justify\" class=\"text1noticias\">El afamado humorista agreg\u00f3 que \u00abdadas las irregularidades  atmosf\u00e9ricas, preferimos posponer el show hasta nuevo aviso\u00bb.<\/p>\n<p>&#13;<\/p>\n<p align=\"justify\" class=\"text1noticias\">\u00abDios  me ha hecho re\u00edr\u00bb, estaba pautado para este viernes a las 8 de la noche en  el coliseo de boxeo de la capital, en lo que ser\u00eda la presentaci\u00f3n de mayor  convocatoria hecha por Boruga en los \u00faltimos a\u00f1os.<\/p>\n<p>&#13;<\/p>\n<p align=\"justify\" class=\"text1noticias\">El  mismo es un testimonio de los peligros\u00a0que el artista vivi\u00f3 antes de  convertirse al cristianismo y de c\u00f3mo Dios lo sac\u00f3 del desastre momentos antes  de que perdiera su vida como consecuencia del alcohol.<\/p>\n<p>&#13;<\/p>\n<p align=\"justify\" class=\"text1noticias\">En enero el espect\u00e1culo que re\u00fane a Felipe Polanco con m\u00e1s de 10  personas en escena, y que presenta testimonios grabados de Freddy Beras Goico,  Juan Lu\u00eds Guerra y Carlos Alfredo Fatule, convertidos al  cristianismo,\u00a0debut\u00f3 a casa llena en el Teatro La Fiesta del Hotel  Jaragua.<\/p>\n<p>&#13;<\/p>\n<p align=\"justify\" class=\"text1noticias\">Asimismo\u00a0se present\u00f3 con \u00e9xito en el Gran Teatro del Cibao en  Santiago al igual que en Hig\u00fcey.<\/p>\n<p>&#13;<\/p>\n<p align=\"justify\" class=\"text1noticias\">El productor dijo que la pr\u00f3xima semana se estar\u00e1 informando la nueva  fecha del espect\u00e1culo en el Coliseo de Boxeo Carlos Teo Cruz de Santo Domingo.<\/p>\n<p>&#13;<\/p>\n<h6> 2008-09-04 21:11:31 <\/h6>\n<p><!--\n<link rel=\"stylesheet\" href=\"css\/bootstrap.min.css\">\n\n\n<ul class=\"pagination\">\n\t    \n\t\n\n<li >\n\t<a href='?page_no=21050'>Previous<\/a>\n\t<\/li>\n\n\n       \n    \n\n<li><a href='?page_no=1'>1<\/a><\/li>\n\n\n\n<li><a href='?page_no=2'>2<\/a><\/li>\n\n\n\n<li><a>...<\/a><\/li>\n\n\n\n<li><a href='?page_no=21049'>21049<\/a><\/li>\n\n\n\n<li><a href='?page_no=21050'>21050<\/a><\/li>\n\n\n\n<li class='active'><a>21051<\/a><\/li>\n\n\n\n<li><a href='?page_no=21052'>21052<\/a><\/li>\n\n\n\n<li><a href='?page_no=21053'>21053<\/a><\/li>\n\n\n\n<li><a>...<\/a><\/li>\n\n\n\n<li><a href='?page_no=22522'>22522<\/a><\/li>\n\n\n\n<li><a href='?page_no=22523'>22523<\/a><\/li>\n\n    \n\t\n\n<li >\n\t<a href='?page_no=21052'>Next<\/a>\n\t<\/li>\n\n\n    \n\n<li><a href='?page_no=22523'>Last &rsaquo;&rsaquo;<\/a><\/li>\n\n<\/ul>\n\n\n--><br \/>\n<\/body><\/p>\n","protected":false},"excerpt":{"rendered":"<p>Felipe Polanco \u00abBoruga\u00bb pospone show cristiano en\u00a0coliseo de boxeo\u00a0Carlos Teo Cruz &#13; La decisi\u00f3n fue tomada como medida de precauci\u00f3n ante el paso del hurac\u00e1n Ike por las costas dominicanas &#13; Santo Domingo.- Felipe Polanco \u00abBoruga\u00bb informa que el espect\u00e1culo de humor cristiano \u00abDios me ha hecho Re\u00edr\u00bb, pautado para este viernes 5 de septiembre [&hellip;]<\/p>\n","protected":false},"author":3,"featured_media":0,"comment_status":"open","ping_status":"open","sticky":false,"template":"","format":"standard","meta":{"footnotes":""},"categories":[25],"tags":[],"class_list":["post-92429","post","type-post","status-publish","format-standard","hentry","category-gente"],"_links":{"self":[{"href":"https:\/\/diariodominicano.com\/index.php?rest_route=\/wp\/v2\/posts\/92429","targetHints":{"allow":["GET"]}}],"collection":[{"href":"https:\/\/diariodominicano.com\/index.php?rest_route=\/wp\/v2\/posts"}],"about":[{"href":"https:\/\/diariodominicano.com\/index.php?rest_route=\/wp\/v2\/types\/post"}],"author":[{"embeddable":true,"href":"https:\/\/diariodominicano.com\/index.php?rest_route=\/wp\/v2\/users\/3"}],"replies":[{"embeddable":true,"href":"https:\/\/diariodominicano.com\/index.php?rest_route=%2Fwp%2Fv2%2Fcomments&post=92429"}],"version-history":[{"count":0,"href":"https:\/\/diariodominicano.com\/index.php?rest_route=\/wp\/v2\/posts\/92429\/revisions"}],"wp:attachment":[{"href":"https:\/\/diariodominicano.com\/index.php?rest_route=%2Fwp%2Fv2%2Fmedia&parent=92429"}],"wp:term":[{"taxonomy":"category","embeddable":true,"href":"https:\/\/diariodominicano.com\/index.php?rest_route=%2Fwp%2Fv2%2Fcategories&post=92429"},{"taxonomy":"post_tag","embeddable":true,"href":"https:\/\/diariodominicano.com\/index.php?rest_route=%2Fwp%2Fv2%2Ftags&post=92429"}],"curies":[{"name":"wp","href":"https:\/\/api.w.org\/{rel}","templated":true}]}}