{"id":92428,"date":"2008-09-04T23:02:37","date_gmt":"2008-09-04T23:02:37","guid":{"rendered":"http:\/\/diariodominicano.ddns.net\/?p=92428"},"modified":"2008-09-04T23:02:37","modified_gmt":"2008-09-04T23:02:37","slug":"kudai-esta-noche-con-un-concierto-para-despertar-conciencias","status":"publish","type":"post","link":"https:\/\/diariodominicano.com\/?p=92428","title":{"rendered":"Kudai esta noche con un concierto para despertar conciencias"},"content":{"rendered":"<p><body><\/p>\n<p class=\"text1noticias\">Se presentar\u00e1n ma\u00f1ana junto a Auro &amp; Clemet en el Hotel Jaragua<\/p>\n<p>&#13;<\/p>\n<p class=\"titulogrande1\">Kudai esta noche con un concierto para despertar conciencias<\/p>\n<p>&#13;<\/p>\n<p align=\"justify\" class=\"text1noticias\">Caletamiento global, la anorexia, la obesidad,  la tolerancia abordado por estos j\u00f3venes a trav\u00e9s de la m\u00fasica <\/p>\n<p>&#13;<\/p>\n<p align=\"justify\" class=\"text1noticias\"><strong><img loading=\"lazy\" decoding=\"async\" src=\"http:\/\/localhost:8080\/gente\/img\/kudai grupo.jpg\" width=\"375\" height=\"584\" hspace=\"4\" align=\"left\" \/>RD.-<\/strong> Llegan desde los Estados Unidos donde est\u00e1n filmando el segundo video clip de su nueva producci\u00f3n Nadha.  Llegan cargados de entusiasmos y con muchas expectativas de encontrarse por primera vez con el p\u00fablico dominicano. <br \/>&#13;<br \/>\n  <br \/>&#13;<br \/>\n  Esta noche Kudai subir\u00e1 a tarima a presentar los once temas de su m\u00e1s reciente producci\u00f3n Nadha, y claro est\u00e1 aquellas canciones de producciones anteriores que bien conoce su fanaticada.<br \/>&#13;<br \/>\n  <br \/>&#13;<br \/>\n  Su espect\u00e1culo tendr\u00e1 todos los elementos de un buen show pero adem\u00e1s acompa\u00f1ado de letras que reflejan la preocupaci\u00f3n de los j\u00f3venes de hoy en d\u00eda, temas que como la drogadicci\u00f3n, la depresi\u00f3n, el embarazo juvenil, el calentamiento global, la anorexia, la obesidad. <br \/>&#13;<br \/>\n  <br \/>&#13;<br \/>\n\u00bfPor que cantar sobre estos temas?  Por que est\u00e1n convencidos de que la m\u00fasica es el medio m\u00e1s efectivo para hacer estos mensajes.<br \/>&#13;<br \/>\n<br \/>&#13;<br \/>\n Hoy subir\u00e1n a tarima dos agrupaciones que tienen mucho que decir Kudai y Auro &amp; Cemet prometen una noche cargada de buena m\u00fasica y que permitir\u00e1 a los asistentes renovar sus esperanzas.<br \/>&#13;<br \/>\n<br \/>&#13;<br \/>\ngente\u201d, subray\u00f3 B\u00e1rbara.<\/p>\n<p>&#13;<\/p>\n<p align=\"justify\" class=\"text1noticias\">Sobre EVENPRO<br \/>&#13;<br \/>\n  <br \/>&#13;<br \/>\n  Constituye una franquicia internacional con 23 a\u00f1os de experiencia, dedicada a la creaci\u00f3n, planificaci\u00f3n y ejecuci\u00f3n de actividades como agencia de servicios integrales.  Opera en Argentina, Brasil, Colombia, Costa Rica, Ecuador, Miami, Panam\u00e1, Rep\u00fablica Dominicana y Venezuela.  Inici\u00f3 sus operaciones en Rep\u00fablica Dominicana en el 2001 con el objetivo de desarrollar estrategias que acerquen efectivamente las marcas con sus consumidores.  Evenpro es una empresa de mercadeo de entretenimiento que pone la marca de sus clientes en vivo.<br \/>&#13;\n<\/p>\n<p>&#13;<\/p>\n<h6> 2008-09-04 23:02:37 <\/h6>\n<p><!--\n<link rel=\"stylesheet\" href=\"css\/bootstrap.min.css\">\n\n\n<ul class=\"pagination\">\n\t    \n\t\n\n<li >\n\t<a href='?page_no=21049'>Previous<\/a>\n\t<\/li>\n\n\n       \n    \n\n<li><a href='?page_no=1'>1<\/a><\/li>\n\n\n\n<li><a href='?page_no=2'>2<\/a><\/li>\n\n\n\n<li><a>...<\/a><\/li>\n\n\n\n<li><a href='?page_no=21048'>21048<\/a><\/li>\n\n\n\n<li><a href='?page_no=21049'>21049<\/a><\/li>\n\n\n\n<li class='active'><a>21050<\/a><\/li>\n\n\n\n<li><a href='?page_no=21051'>21051<\/a><\/li>\n\n\n\n<li><a href='?page_no=21052'>21052<\/a><\/li>\n\n\n\n<li><a>...<\/a><\/li>\n\n\n\n<li><a href='?page_no=22522'>22522<\/a><\/li>\n\n\n\n<li><a href='?page_no=22523'>22523<\/a><\/li>\n\n    \n\t\n\n<li >\n\t<a href='?page_no=21051'>Next<\/a>\n\t<\/li>\n\n\n    \n\n<li><a href='?page_no=22523'>Last &rsaquo;&rsaquo;<\/a><\/li>\n\n<\/ul>\n\n\n--><br \/>\n<\/body><\/p>\n","protected":false},"excerpt":{"rendered":"<p>Se presentar\u00e1n ma\u00f1ana junto a Auro &amp; Clemet en el Hotel Jaragua &#13; Kudai esta noche con un concierto para despertar conciencias &#13; Caletamiento global, la anorexia, la obesidad, la tolerancia abordado por estos j\u00f3venes a trav\u00e9s de la m\u00fasica &#13; RD.- Llegan desde los Estados Unidos donde est\u00e1n filmando el segundo video clip de [&hellip;]<\/p>\n","protected":false},"author":3,"featured_media":0,"comment_status":"open","ping_status":"open","sticky":false,"template":"","format":"standard","meta":{"footnotes":""},"categories":[25],"tags":[],"class_list":["post-92428","post","type-post","status-publish","format-standard","hentry","category-gente"],"_links":{"self":[{"href":"https:\/\/diariodominicano.com\/index.php?rest_route=\/wp\/v2\/posts\/92428","targetHints":{"allow":["GET"]}}],"collection":[{"href":"https:\/\/diariodominicano.com\/index.php?rest_route=\/wp\/v2\/posts"}],"about":[{"href":"https:\/\/diariodominicano.com\/index.php?rest_route=\/wp\/v2\/types\/post"}],"author":[{"embeddable":true,"href":"https:\/\/diariodominicano.com\/index.php?rest_route=\/wp\/v2\/users\/3"}],"replies":[{"embeddable":true,"href":"https:\/\/diariodominicano.com\/index.php?rest_route=%2Fwp%2Fv2%2Fcomments&post=92428"}],"version-history":[{"count":0,"href":"https:\/\/diariodominicano.com\/index.php?rest_route=\/wp\/v2\/posts\/92428\/revisions"}],"wp:attachment":[{"href":"https:\/\/diariodominicano.com\/index.php?rest_route=%2Fwp%2Fv2%2Fmedia&parent=92428"}],"wp:term":[{"taxonomy":"category","embeddable":true,"href":"https:\/\/diariodominicano.com\/index.php?rest_route=%2Fwp%2Fv2%2Fcategories&post=92428"},{"taxonomy":"post_tag","embeddable":true,"href":"https:\/\/diariodominicano.com\/index.php?rest_route=%2Fwp%2Fv2%2Ftags&post=92428"}],"curies":[{"name":"wp","href":"https:\/\/api.w.org\/{rel}","templated":true}]}}