{"id":92427,"date":"2008-09-07T00:28:35","date_gmt":"2008-09-07T00:28:35","guid":{"rendered":"http:\/\/diariodominicano.ddns.net\/?p=92427"},"modified":"2008-09-07T00:28:35","modified_gmt":"2008-09-07T00:28:35","slug":"medios-de-comunicacion-espanoles-interesados-por-carrera-de-pavel-nunez","status":"publish","type":"post","link":"https:\/\/diariodominicano.com\/?p=92427","title":{"rendered":"Medios de comunicaci\u00f3n espa\u00f1oles interesados por carrera de Pavel N\u00fa\u00f1ez"},"content":{"rendered":"<p><body><\/p>\n<p align=\"justify\" class=\"titulogrande1\"><strong>Medios de comunicaci\u00f3n espa\u00f1oles interesados por carrera de Pavel N\u00fa\u00f1ez<\/strong><\/p>\n<p>&#13;<\/p>\n<p align=\"justify\" class=\"text1noticias\"><strong><img loading=\"lazy\" decoding=\"async\" src=\"http:\/\/localhost:8080\/gente\/img\/pavel espana.jpg\" width=\"375\" height=\"1349\" hspace=\"4\" align=\"left\" \/>Santo Domingo.- <\/strong>Pavel N\u00fa\u00f1ez llama la atenci\u00f3n de los medios de comunicaci\u00f3n espa\u00f1oles  interesados\u00a0en conocer m\u00e1s afondo el trabajo del cantautor dominicano  responsable de abrir los show de La Traves\u00eda Tour, de Juan Lu\u00eds Guerra, durante  su paso por Espa\u00f1a.<\/p>\n<p>&#13;<\/p>\n<p align=\"justify\" class=\"text1noticias\">En Madrid, el int\u00e9rprete de \u00abPor honor\u00bb, fue entrevistado por  el peri\u00f3dico \u00abLatino\u00bb donde convers\u00f3 con el periodista V\u00edctor S\u00e1nchez  sobre su carrera y las expectativas que tiene entorno a su visita a \u00abLa  Madre Patria\u00bb.<\/p>\n<p>&#13;<\/p>\n<p align=\"justify\" class=\"text1noticias\">Pavel se\u00f1al\u00f3 que Espa\u00f1a es un mercado muy af\u00edn con su propuesta, no s\u00f3lo  porque la m\u00fasica de autor siempre ha tenido buena acogida all\u00ed, sino porque se  siente c\u00f3modo cantando ante el p\u00fablico espa\u00f1ol.<\/p>\n<p>&#13;<\/p>\n<p align=\"justify\" class=\"text1noticias\">\u00abDurante esta gira la gente ha sido muy receptiva con lo que he  llevado al escenario\u00bb, refiere Pavel<\/p>\n<p>&#13;<\/p>\n<p align=\"justify\" class=\"text1noticias\">Agreg\u00f3 que existe una qu\u00edmica natural entre su m\u00fasica y el p\u00fablico que  la escucha en los conciertos que ha abierto para Juan Lu\u00eds. \u00abA pasar de  que muchos de ellos nunca me hab\u00edan o\u00eddo, se muestran abiertos a  escucharla\u00bb.<\/p>\n<p>&#13;<\/p>\n<p align=\"justify\" class=\"text1noticias\">\u00abEntiendo que eso se debe a la afinidad de mi arte con la de muchos  int\u00e9rpretes espa\u00f1oles que de manera conciente o inconciente han influenciado mi  carrera\u00bb, refiri\u00f3 el seis veces ganador del premio Casandra.<\/p>\n<p>&#13;<\/p>\n<p align=\"justify\" class=\"text1noticias\">Entre esos artistas mencion\u00f3 a V\u00edctor Manuel, Joaqu\u00edn Sabina\u00a0y Ana  Belen, que seg\u00fan dijo, han servido de inspiraci\u00f3n en algunos momentos de su  carrera.<\/p>\n<p>&#13;<\/p>\n<p align=\"justify\" class=\"text1noticias\">En otra entrevista en Top Radio, emisora de Madrid donde Pavel fue  recibido con entusiasmo, el dominicano present\u00f3 su m\u00fasica teniendo buena  acogida por los oyentes que v\u00eda telef\u00f3nica reconoc\u00edan el talento del joven  cantante y le ped\u00edan su regreso al pa\u00eds europeo con un concierto de larga  duraci\u00f3n.<\/p>\n<p>&#13;<\/p>\n<p align=\"justify\" class=\"text1noticias\">En esa direcci\u00f3n explic\u00f3 que se hacen los contactos y amarres de lugar  para iniciar una intensa promoci\u00f3n que propicie su primera gira por varias  ciudades espa\u00f1olas.<\/p>\n<p>&#13;<\/p>\n<p align=\"justify\" class=\"text1noticias\">En estos momentos Pavel prepara sus pr\u00f3ximas actuaciones abriendo los  conciertos de Juan Lu\u00eds Guerra en Zaragoza, Barcelona,\u00a0 Madrid y  Valladolid el 13 de los corrientes. <\/p>\n<p>&#13;<\/p>\n<p align=\"justify\" class=\"text1noticias\">En esta nota podr\u00e1 ver la valoraci\u00f3n del peri\u00f3dico  sobre Pavel N\u00fa\u00f1ez antes de la entrevista a la que hacemos referencia en el  presente texto.<br \/>&#13;<br \/>\n  <br \/>&#13;<br \/>\n  http:\/\/www.latinomadrid.com\/noticia.php?id=7565<\/p>\n<p>&#13;<\/p>\n<h6> 2008-09-07 00:28:35 <\/h6>\n<p><!--\n<link rel=\"stylesheet\" href=\"css\/bootstrap.min.css\">\n\n\n<ul class=\"pagination\">\n\t    \n\t\n\n<li >\n\t<a href='?page_no=21048'>Previous<\/a>\n\t<\/li>\n\n\n       \n    \n\n<li><a href='?page_no=1'>1<\/a><\/li>\n\n\n\n<li><a href='?page_no=2'>2<\/a><\/li>\n\n\n\n<li><a>...<\/a><\/li>\n\n\n\n<li><a href='?page_no=21047'>21047<\/a><\/li>\n\n\n\n<li><a href='?page_no=21048'>21048<\/a><\/li>\n\n\n\n<li class='active'><a>21049<\/a><\/li>\n\n\n\n<li><a href='?page_no=21050'>21050<\/a><\/li>\n\n\n\n<li><a href='?page_no=21051'>21051<\/a><\/li>\n\n\n\n<li><a>...<\/a><\/li>\n\n\n\n<li><a href='?page_no=22522'>22522<\/a><\/li>\n\n\n\n<li><a href='?page_no=22523'>22523<\/a><\/li>\n\n    \n\t\n\n<li >\n\t<a href='?page_no=21050'>Next<\/a>\n\t<\/li>\n\n\n    \n\n<li><a href='?page_no=22523'>Last &rsaquo;&rsaquo;<\/a><\/li>\n\n<\/ul>\n\n\n--><br \/>\n<\/body><\/p>\n","protected":false},"excerpt":{"rendered":"<p>Medios de comunicaci\u00f3n espa\u00f1oles interesados por carrera de Pavel N\u00fa\u00f1ez &#13; Santo Domingo.- Pavel N\u00fa\u00f1ez llama la atenci\u00f3n de los medios de comunicaci\u00f3n espa\u00f1oles interesados\u00a0en conocer m\u00e1s afondo el trabajo del cantautor dominicano responsable de abrir los show de La Traves\u00eda Tour, de Juan Lu\u00eds Guerra, durante su paso por Espa\u00f1a. &#13; En Madrid, el [&hellip;]<\/p>\n","protected":false},"author":3,"featured_media":0,"comment_status":"open","ping_status":"open","sticky":false,"template":"","format":"standard","meta":{"footnotes":""},"categories":[25],"tags":[],"class_list":["post-92427","post","type-post","status-publish","format-standard","hentry","category-gente"],"_links":{"self":[{"href":"https:\/\/diariodominicano.com\/index.php?rest_route=\/wp\/v2\/posts\/92427","targetHints":{"allow":["GET"]}}],"collection":[{"href":"https:\/\/diariodominicano.com\/index.php?rest_route=\/wp\/v2\/posts"}],"about":[{"href":"https:\/\/diariodominicano.com\/index.php?rest_route=\/wp\/v2\/types\/post"}],"author":[{"embeddable":true,"href":"https:\/\/diariodominicano.com\/index.php?rest_route=\/wp\/v2\/users\/3"}],"replies":[{"embeddable":true,"href":"https:\/\/diariodominicano.com\/index.php?rest_route=%2Fwp%2Fv2%2Fcomments&post=92427"}],"version-history":[{"count":0,"href":"https:\/\/diariodominicano.com\/index.php?rest_route=\/wp\/v2\/posts\/92427\/revisions"}],"wp:attachment":[{"href":"https:\/\/diariodominicano.com\/index.php?rest_route=%2Fwp%2Fv2%2Fmedia&parent=92427"}],"wp:term":[{"taxonomy":"category","embeddable":true,"href":"https:\/\/diariodominicano.com\/index.php?rest_route=%2Fwp%2Fv2%2Fcategories&post=92427"},{"taxonomy":"post_tag","embeddable":true,"href":"https:\/\/diariodominicano.com\/index.php?rest_route=%2Fwp%2Fv2%2Ftags&post=92427"}],"curies":[{"name":"wp","href":"https:\/\/api.w.org\/{rel}","templated":true}]}}