{"id":92425,"date":"2008-09-07T00:34:44","date_gmt":"2008-09-07T00:34:44","guid":{"rendered":"http:\/\/diariodominicano.ddns.net\/?p=92425"},"modified":"2008-09-07T00:34:44","modified_gmt":"2008-09-07T00:34:44","slug":"ruiz-regresa-a-tv-con-ivan-para-variar","status":"publish","type":"post","link":"https:\/\/diariodominicano.com\/?p=92425","title":{"rendered":"Ru\u00edz regresa a TV con Iv\u00e1n\u2026 para variar"},"content":{"rendered":"<p><body><\/p>\n<p class=\"titulogrande1\">Ru\u00edz regresa a TV con Iv\u00e1n\u2026 para variar<\/p>\n<p>&#13;<\/p>\n<p align=\"justify\" class=\"text1noticias\"><img loading=\"lazy\" decoding=\"async\" src=\"http:\/\/localhost:8080\/gente\/img\/ivan ruize.jpg\" width=\"375\" height=\"347\" hspace=\"4\" align=\"left\" \/><strong>RD.- <\/strong>\u00abIv\u00e1n\u2026para variar\u00bb\u00a0 es  el nombre del espacio con que planea su regreso a la televisi\u00f3n el\u00a0 productor de televisi\u00f3n y creativo  publicitario, Iv\u00e1n Ru\u00edz.<br \/>&#13;<br \/>\n  <br \/>&#13;<br \/>\n  Ruiz, responsable de estrategias tan exitosas como la imagen de Color  Visi\u00f3n, la campa\u00f1a de Cooperativa San Jos\u00e9 y el resurgimiento del Show del  Mediod\u00eda,\u00a0 se apresta a volver a la  pantalla chica con un espacio de variedades que implica caracter\u00edsticas no  realizadas antes en la televisi\u00f3n nacional. No avanz\u00f3 los contenidos del gui\u00f3n  de Iv\u00e1n\u2026para Variar.<br \/>&#13;<br \/>\n  <br \/>&#13;<br \/>\n  Ruiz adelant\u00f3 que se trata de una idea refrescante, novedosa y destinada  a reforzar la oferta televisiva a las audiencias locales, frente al caudal de  programas que llegan enlatados y por v\u00eda del cable.<br \/>&#13;<br \/>\n  <br \/>&#13;<br \/>\n  Ruiz inform\u00f3 que, adem\u00e1s de retornar a la pantalla chica,\u00a0 se apresta adem\u00e1s a relanzar la imagen de su  empresa Neuronas Creativas.<br \/>&#13;<br \/>\n  <br \/>&#13;<br \/>\n  Ru\u00edz es reconocido en el medio por su labor creativa responsable del  relanzamiento de la imagen de Color Visi\u00f3n y el Show del Mediod\u00eda, donde a\u00fan  permanecen intactos algunos de sus segmentos, pese a su salida hace meses.<br \/>&#13;<br \/>\n  <br \/>&#13;<br \/>\n  Neuronas Creativas Publicidad anuncia la renovaci\u00f3n de su identidad  corporativa con cambios sustanciales en su logotipo, tanto en dise\u00f1o como en  color. La idea detr\u00e1s de esta evoluci\u00f3n, expresa Iv\u00e1n Ruiz, director de la  empresa,<br \/>&#13;<br \/>\n  <br \/>&#13;<br \/>\n  \u00abLa renovaci\u00f3n de la imagen  de Neuronas parte del hecho de\u00a0 que desde  nuestro nacimiento hace 5 a\u00f1os hasta el momento presente, Neuronas siempre ha  tenido una clara vocaci\u00f3n hacia el cambio, buscando cambiar para perfeccionar,  para responder con mayor agilidad y competitividad a los desaf\u00edos de su  creciente cartera de clientes\u00bb afirma Iv\u00e1n Ru\u00edz.<br \/>&#13;<br \/>\n  <br \/>&#13;<br \/>\nSostiene que se debe cambiar incluso -subray\u00f3- aunque no tengamos nada  que cambiar. \u00abEsa es una actitud positiva frente a lo vol\u00e1til y  globalizante de los nuevos tiempos, tanto en el plano de la competencia como en  la superaci\u00f3n personal de todo su staff\u00bb, afirm\u00f3 el profesional de la  publicidad. <\/p>\n<p>&#13;<\/p>\n<h6> 2008-09-07 00:34:44 <\/h6>\n<p><!--\n<link rel=\"stylesheet\" href=\"css\/bootstrap.min.css\">\n\n\n<ul class=\"pagination\">\n\t    \n\t\n\n<li >\n\t<a href='?page_no=21046'>Previous<\/a>\n\t<\/li>\n\n\n       \n    \n\n<li><a href='?page_no=1'>1<\/a><\/li>\n\n\n\n<li><a href='?page_no=2'>2<\/a><\/li>\n\n\n\n<li><a>...<\/a><\/li>\n\n\n\n<li><a href='?page_no=21045'>21045<\/a><\/li>\n\n\n\n<li><a href='?page_no=21046'>21046<\/a><\/li>\n\n\n\n<li class='active'><a>21047<\/a><\/li>\n\n\n\n<li><a href='?page_no=21048'>21048<\/a><\/li>\n\n\n\n<li><a href='?page_no=21049'>21049<\/a><\/li>\n\n\n\n<li><a>...<\/a><\/li>\n\n\n\n<li><a href='?page_no=22522'>22522<\/a><\/li>\n\n\n\n<li><a href='?page_no=22523'>22523<\/a><\/li>\n\n    \n\t\n\n<li >\n\t<a href='?page_no=21048'>Next<\/a>\n\t<\/li>\n\n\n    \n\n<li><a href='?page_no=22523'>Last &rsaquo;&rsaquo;<\/a><\/li>\n\n<\/ul>\n\n\n--><br \/>\n<\/body><\/p>\n","protected":false},"excerpt":{"rendered":"<p>Ru\u00edz regresa a TV con Iv\u00e1n\u2026 para variar &#13; RD.- \u00abIv\u00e1n\u2026para variar\u00bb\u00a0 es el nombre del espacio con que planea su regreso a la televisi\u00f3n el\u00a0 productor de televisi\u00f3n y creativo publicitario, Iv\u00e1n Ru\u00edz.&#13; &#13; Ruiz, responsable de estrategias tan exitosas como la imagen de Color Visi\u00f3n, la campa\u00f1a de Cooperativa San Jos\u00e9 y el [&hellip;]<\/p>\n","protected":false},"author":3,"featured_media":0,"comment_status":"open","ping_status":"open","sticky":false,"template":"","format":"standard","meta":{"footnotes":""},"categories":[25],"tags":[],"class_list":["post-92425","post","type-post","status-publish","format-standard","hentry","category-gente"],"_links":{"self":[{"href":"https:\/\/diariodominicano.com\/index.php?rest_route=\/wp\/v2\/posts\/92425","targetHints":{"allow":["GET"]}}],"collection":[{"href":"https:\/\/diariodominicano.com\/index.php?rest_route=\/wp\/v2\/posts"}],"about":[{"href":"https:\/\/diariodominicano.com\/index.php?rest_route=\/wp\/v2\/types\/post"}],"author":[{"embeddable":true,"href":"https:\/\/diariodominicano.com\/index.php?rest_route=\/wp\/v2\/users\/3"}],"replies":[{"embeddable":true,"href":"https:\/\/diariodominicano.com\/index.php?rest_route=%2Fwp%2Fv2%2Fcomments&post=92425"}],"version-history":[{"count":0,"href":"https:\/\/diariodominicano.com\/index.php?rest_route=\/wp\/v2\/posts\/92425\/revisions"}],"wp:attachment":[{"href":"https:\/\/diariodominicano.com\/index.php?rest_route=%2Fwp%2Fv2%2Fmedia&parent=92425"}],"wp:term":[{"taxonomy":"category","embeddable":true,"href":"https:\/\/diariodominicano.com\/index.php?rest_route=%2Fwp%2Fv2%2Fcategories&post=92425"},{"taxonomy":"post_tag","embeddable":true,"href":"https:\/\/diariodominicano.com\/index.php?rest_route=%2Fwp%2Fv2%2Ftags&post=92425"}],"curies":[{"name":"wp","href":"https:\/\/api.w.org\/{rel}","templated":true}]}}