{"id":92424,"date":"2008-09-07T01:18:53","date_gmt":"2008-09-07T01:18:53","guid":{"rendered":"http:\/\/diariodominicano.ddns.net\/?p=92424"},"modified":"2008-09-07T01:18:53","modified_gmt":"2008-09-07T01:18:53","slug":"pamela-sued-dictara-conferencia-sobre-liderazgo","status":"publish","type":"post","link":"https:\/\/diariodominicano.com\/?p=92424","title":{"rendered":"Pamela Sued dictar\u00e1 conferencia sobre liderazgo"},"content":{"rendered":"<p><body><\/p>\n<p align=\"justify\"><strong class=\"titulogrande1\">Pamela Sued dictar\u00e1  conferencia sobre liderazgo<\/strong><br \/>&#13;<br \/>\n\u00a0<br \/>&#13;<br \/>\n<span class=\"text1noticias\"><img loading=\"lazy\" decoding=\"async\" src=\"http:\/\/localhost:8080\/gente\/img\/pamela sued.jpg\" width=\"375\" height=\"563\" hspace=\"4\" align=\"left\" \/><strong>Santo Domingo.-<\/strong> La presentadora  de televisi\u00f3n, Pamela Sued, sigue demostrando su versatilidad y profesionalidad  en cada cosa que hace. Ahora asume un nuevo reto: ser\u00e1\u00a0 la conferencista central de una importante  charla sobre \u00e9xito, liderazgo y crecimiento espiritual, dirigida a los j\u00f3venes.  \u00a0<\/span><\/p>\n<p>&#13;<\/p>\n<p align=\"justify\" class=\"text1noticias\">La co conductora  del programa de televisi\u00f3n \u201cCon Freddy y Punto\u201d y el espacio radial\u00a0 \u201cLa Paradita de las 12&#8243;, dictar\u00e1 la  conferencia \u201cC\u00f3digo Joven\u201d, donde resaltar\u00e1 la importancia de formular un plan  de vida de acuerdo a metas y sue\u00f1os espec\u00edficos y\u00a0 c\u00f3mo trabajar\u00a0  para alcanzarlos.<\/p>\n<p>&#13;<\/p>\n<p align=\"justify\" class=\"text1noticias\">La actividad tendr\u00e1 lugar el pr\u00f3ximo s\u00e1bado en  el Teatro La Fiesta del hotel Jaragua, a partir de las 5 de la tarde, en el  marco de la II \u00a0muestra internacional de  Belleza, Salud, Energ\u00eda y Transformaci\u00f3n \u00abVest\u00bb. <\/p>\n<p>&#13;<\/p>\n<p align=\"justify\" class=\"text1noticias\">La conferencia  est\u00e1 dirigida a adolescentes de 16 a\u00f1os en adelante y a todo aquel que se  sienta joven o que necesite entusiasmo en la vida. <br \/>&#13;<br \/>\n  \u00a0<br \/>&#13;<br \/>\n  <br \/>&#13;<br \/>\n\u00abC\u00f3digo  Joven es un reto para mi, donde tengo puesta toda mi energ\u00eda y me da la  oportunidad de apoyar a quienes necesitan motivaci\u00f3n y palabras de aliento para  encontrar el bienestar que buscan en su ser\u00bb, dice. <\/p>\n<p>&#13;<\/p>\n<h6> 2008-09-07 01:18:53 <\/h6>\n<p><!--\n<link rel=\"stylesheet\" href=\"css\/bootstrap.min.css\">\n\n\n<ul class=\"pagination\">\n\t    \n\t\n\n<li >\n\t<a href='?page_no=21045'>Previous<\/a>\n\t<\/li>\n\n\n       \n    \n\n<li><a href='?page_no=1'>1<\/a><\/li>\n\n\n\n<li><a href='?page_no=2'>2<\/a><\/li>\n\n\n\n<li><a>...<\/a><\/li>\n\n\n\n<li><a href='?page_no=21044'>21044<\/a><\/li>\n\n\n\n<li><a href='?page_no=21045'>21045<\/a><\/li>\n\n\n\n<li class='active'><a>21046<\/a><\/li>\n\n\n\n<li><a href='?page_no=21047'>21047<\/a><\/li>\n\n\n\n<li><a href='?page_no=21048'>21048<\/a><\/li>\n\n\n\n<li><a>...<\/a><\/li>\n\n\n\n<li><a href='?page_no=22522'>22522<\/a><\/li>\n\n\n\n<li><a href='?page_no=22523'>22523<\/a><\/li>\n\n    \n\t\n\n<li >\n\t<a href='?page_no=21047'>Next<\/a>\n\t<\/li>\n\n\n    \n\n<li><a href='?page_no=22523'>Last &rsaquo;&rsaquo;<\/a><\/li>\n\n<\/ul>\n\n\n--><br \/>\n<\/body><\/p>\n","protected":false},"excerpt":{"rendered":"<p>Pamela Sued dictar\u00e1 conferencia sobre liderazgo&#13; \u00a0&#13; Santo Domingo.- La presentadora de televisi\u00f3n, Pamela Sued, sigue demostrando su versatilidad y profesionalidad en cada cosa que hace. Ahora asume un nuevo reto: ser\u00e1\u00a0 la conferencista central de una importante charla sobre \u00e9xito, liderazgo y crecimiento espiritual, dirigida a los j\u00f3venes. \u00a0 &#13; La co conductora del [&hellip;]<\/p>\n","protected":false},"author":3,"featured_media":0,"comment_status":"open","ping_status":"open","sticky":false,"template":"","format":"standard","meta":{"footnotes":""},"categories":[25],"tags":[],"class_list":["post-92424","post","type-post","status-publish","format-standard","hentry","category-gente"],"_links":{"self":[{"href":"https:\/\/diariodominicano.com\/index.php?rest_route=\/wp\/v2\/posts\/92424","targetHints":{"allow":["GET"]}}],"collection":[{"href":"https:\/\/diariodominicano.com\/index.php?rest_route=\/wp\/v2\/posts"}],"about":[{"href":"https:\/\/diariodominicano.com\/index.php?rest_route=\/wp\/v2\/types\/post"}],"author":[{"embeddable":true,"href":"https:\/\/diariodominicano.com\/index.php?rest_route=\/wp\/v2\/users\/3"}],"replies":[{"embeddable":true,"href":"https:\/\/diariodominicano.com\/index.php?rest_route=%2Fwp%2Fv2%2Fcomments&post=92424"}],"version-history":[{"count":0,"href":"https:\/\/diariodominicano.com\/index.php?rest_route=\/wp\/v2\/posts\/92424\/revisions"}],"wp:attachment":[{"href":"https:\/\/diariodominicano.com\/index.php?rest_route=%2Fwp%2Fv2%2Fmedia&parent=92424"}],"wp:term":[{"taxonomy":"category","embeddable":true,"href":"https:\/\/diariodominicano.com\/index.php?rest_route=%2Fwp%2Fv2%2Fcategories&post=92424"},{"taxonomy":"post_tag","embeddable":true,"href":"https:\/\/diariodominicano.com\/index.php?rest_route=%2Fwp%2Fv2%2Ftags&post=92424"}],"curies":[{"name":"wp","href":"https:\/\/api.w.org\/{rel}","templated":true}]}}