{"id":92423,"date":"2008-09-07T02:15:48","date_gmt":"2008-09-07T02:15:48","guid":{"rendered":"http:\/\/diariodominicano.ddns.net\/?p=92423"},"modified":"2008-09-07T02:15:48","modified_gmt":"2008-09-07T02:15:48","slug":"nuevo-cd-sergio-vargas-amores-viejos-nuevos-de-medio-uso","status":"publish","type":"post","link":"https:\/\/diariodominicano.com\/?p=92423","title":{"rendered":"Nuevo CD Sergio Vargas: \u00abAmores viejos, nuevos de medio uso\u00bb"},"content":{"rendered":"<p><body><\/p>\n<p class=\"titulogrande1\">Nuevo  CD Sergio Vargas: \u00abAmores viejos, nuevos de medio uso\u00bb<\/p>\n<p>&#13;<\/p>\n<p align=\"justify\" class=\"text1noticias\"><strong><img loading=\"lazy\" decoding=\"async\" src=\"http:\/\/localhost:8080\/gente\/img\/cd sergio vargas.jpg\" width=\"375\" height=\"252\" hspace=\"4\" align=\"left\" \/>RD.-<\/strong> La nueva producci\u00f3n del  negrito de Villa, Sergio Vargas, est\u00e1 en la fase de terminaci\u00f3n en los estudios  de Manuel Tejada, con una variedad de \u00abmerengues cantados\u00bb que  incluir\u00e1 un tema a d\u00fao con el interprete de vallenato Peter Manjares, otra con  el salsero Oscar de Le\u00f3n y una mezcla de boleros de Pete \u00abEl Conde\u00bb  Rodr\u00edguez.<\/p>\n<p>&#13;<\/p>\n<p align=\"justify\" class=\"text1noticias\">El merenguero que fue  declarado \u00abSocio Honor\u00edfico\u00bb de la Cooperativa de Ahorro y Cr\u00e9dito  Herrera (Coopherrera) en la celebraci\u00f3n de su 45 Aniversario, adelanto que esta  nueva producci\u00f3n podr\u00eda llamarse \u00abAmores viejos, nuevos de medio  uso\u00bb, porque las adaptaciones de canciones viejas al merengue, nuevas  composiciones, as\u00ed como adaptaciones de \u00e9xitos del pasado reciente.<\/p>\n<p>&#13;<\/p>\n<p align=\"justify\" class=\"text1noticias\">Sergio explico que ha  contratado a Manuel Tejada, \u00abpara poder estar tranquilo de que el material  que ofrecer\u00e1-musicalmente hablando-valga la pena y garantizar un merengue que  se pueda escuchar\u00bb. Dijo que Ahora se ha gastado \u00abun dineral\u00bb en  este disco, que el negocio no justifica porque la industria de la m\u00fasica no  est\u00e1 en su mejor momento.<\/p>\n<p>&#13;<\/p>\n<p align=\"justify\" class=\"text1noticias\">Al amenizar un baile para  inaugurar una nueva edificaci\u00f3n y sal\u00f3n multiusos de Coopherrera, el artista  que en el mes de enero iniciara estudios en una universidad \u00abpara actualizarse  y reeducarse. \u00abAqu\u00ed el que no sepa ingl\u00e9s e inform\u00e1tica volver\u00e1 a ser  analfabeto\u00bb. Record\u00f3 que dejo sus estudios en 1982, en la Universidad  Aut\u00f3noma de Santo Domingo (UASD), \u00abcuando a\u00fan era 011&#8243;, por la  obligaci\u00f3n de mantener a su familia\u00bb.<\/p>\n<p>&#13;<\/p>\n<p align=\"justify\" class=\"text1noticias\">La imperiosa necesidad-era el  hermano mayor-le obligo a trasladarse a Santo Domingo y hacer lo que sea. Hoy  da gracias a Dios, que \u00abentre 800 descamisados que participaron en el \u00faltimo  festival de la Voz que organizo el maestro Rafael Solano obtuvo el Segundo  Lugar y con la ayuda de Dionis Fern\u00e1ndez y Bienvenido Rodr\u00edguez ha logrado  mantenerse por casi 25 a\u00f1os. <\/p>\n<p>&#13;<\/p>\n<p align=\"justify\" class=\"text1noticias\">\u00abTodo esto  emp\u00edricamente\u00bb, porque nadie le ense\u00f1o a cantar en la una iglesia, aunque  admite que \u00abtodo ha sido un regalo de Dios\u00bb.<\/p>\n<p>&#13;<\/p>\n<h6> 2008-09-07 02:15:48 <\/h6>\n<p><!--\n<link rel=\"stylesheet\" href=\"css\/bootstrap.min.css\">\n\n\n<ul class=\"pagination\">\n\t    \n\t\n\n<li >\n\t<a href='?page_no=21044'>Previous<\/a>\n\t<\/li>\n\n\n       \n    \n\n<li><a href='?page_no=1'>1<\/a><\/li>\n\n\n\n<li><a href='?page_no=2'>2<\/a><\/li>\n\n\n\n<li><a>...<\/a><\/li>\n\n\n\n<li><a href='?page_no=21043'>21043<\/a><\/li>\n\n\n\n<li><a href='?page_no=21044'>21044<\/a><\/li>\n\n\n\n<li class='active'><a>21045<\/a><\/li>\n\n\n\n<li><a href='?page_no=21046'>21046<\/a><\/li>\n\n\n\n<li><a href='?page_no=21047'>21047<\/a><\/li>\n\n\n\n<li><a>...<\/a><\/li>\n\n\n\n<li><a href='?page_no=22522'>22522<\/a><\/li>\n\n\n\n<li><a href='?page_no=22523'>22523<\/a><\/li>\n\n    \n\t\n\n<li >\n\t<a href='?page_no=21046'>Next<\/a>\n\t<\/li>\n\n\n    \n\n<li><a href='?page_no=22523'>Last &rsaquo;&rsaquo;<\/a><\/li>\n\n<\/ul>\n\n\n--><br \/>\n<\/body><\/p>\n","protected":false},"excerpt":{"rendered":"<p>Nuevo CD Sergio Vargas: \u00abAmores viejos, nuevos de medio uso\u00bb &#13; RD.- La nueva producci\u00f3n del negrito de Villa, Sergio Vargas, est\u00e1 en la fase de terminaci\u00f3n en los estudios de Manuel Tejada, con una variedad de \u00abmerengues cantados\u00bb que incluir\u00e1 un tema a d\u00fao con el interprete de vallenato Peter Manjares, otra con el [&hellip;]<\/p>\n","protected":false},"author":3,"featured_media":0,"comment_status":"open","ping_status":"open","sticky":false,"template":"","format":"standard","meta":{"footnotes":""},"categories":[25],"tags":[],"class_list":["post-92423","post","type-post","status-publish","format-standard","hentry","category-gente"],"_links":{"self":[{"href":"https:\/\/diariodominicano.com\/index.php?rest_route=\/wp\/v2\/posts\/92423","targetHints":{"allow":["GET"]}}],"collection":[{"href":"https:\/\/diariodominicano.com\/index.php?rest_route=\/wp\/v2\/posts"}],"about":[{"href":"https:\/\/diariodominicano.com\/index.php?rest_route=\/wp\/v2\/types\/post"}],"author":[{"embeddable":true,"href":"https:\/\/diariodominicano.com\/index.php?rest_route=\/wp\/v2\/users\/3"}],"replies":[{"embeddable":true,"href":"https:\/\/diariodominicano.com\/index.php?rest_route=%2Fwp%2Fv2%2Fcomments&post=92423"}],"version-history":[{"count":0,"href":"https:\/\/diariodominicano.com\/index.php?rest_route=\/wp\/v2\/posts\/92423\/revisions"}],"wp:attachment":[{"href":"https:\/\/diariodominicano.com\/index.php?rest_route=%2Fwp%2Fv2%2Fmedia&parent=92423"}],"wp:term":[{"taxonomy":"category","embeddable":true,"href":"https:\/\/diariodominicano.com\/index.php?rest_route=%2Fwp%2Fv2%2Fcategories&post=92423"},{"taxonomy":"post_tag","embeddable":true,"href":"https:\/\/diariodominicano.com\/index.php?rest_route=%2Fwp%2Fv2%2Ftags&post=92423"}],"curies":[{"name":"wp","href":"https:\/\/api.w.org\/{rel}","templated":true}]}}