{"id":92422,"date":"2008-09-07T02:30:23","date_gmt":"2008-09-07T02:30:23","guid":{"rendered":"http:\/\/diariodominicano.ddns.net\/?p=92422"},"modified":"2008-09-07T02:30:23","modified_gmt":"2008-09-07T02:30:23","slug":"vicente-fernandez-de-pelicula-se-reedita-su-legado-cinematografico","status":"publish","type":"post","link":"https:\/\/diariodominicano.com\/?p=92422","title":{"rendered":"\u201cVicente Fern\u00e1ndez\u2026 De Pel\u00edcula\u201d se reedita su legado cinematogr\u00e1fico"},"content":{"rendered":"<p><body><\/p>\n<p align=\"justify\"><strong class=\"titulogrande1\">\u201cVicente  Fern\u00e1ndez\u2026 De Pel\u00edcula\u201d se reedita su legado cinematogr\u00e1fico<\/strong><br \/>&#13;<br \/>\n  <br \/>&#13;<br \/>\n    <strong>Sony  BMG Latin presenta un lanzamiento in\u00e9dito con las pel\u00edculas y canciones del  gran charro de M\u00e9xico<\/strong><br \/>&#13;<br \/>\n    <br \/>&#13;<br \/>\n    <strong>Se  trata de los filmes \u201cEl Arracadas\u201d, \u201cEl Hijo Del Pueblo\u201d, \u201cEl Tah\u00far\u201d, \u201cPor Tu Maldito  Amor\u201d y \u201cEl Cuatrero\u201d<\/strong><br \/>&#13;<br \/>\n    <br \/>&#13;<br \/>\n    <strong>Vicente  Fern\u00e1ndez es el mayor exponente viviente del g\u00e9nero ranchero<\/strong> <strong>Se  presentan en formato de CD s\u00f3lo con canciones, y dos combos: uno con el CD y el DVD de cada pel\u00edcula, y otro con el empaque de CD con el mismo contenido<\/strong><br \/>&#13;<br \/>\n      <br \/>&#13;<br \/>\n<strong>Llegan  a las tiendas el pr\u00f3ximo martes 9 de septiembre<\/strong><\/p>\n<p>&#13;<\/p>\n<p align=\"justify\" class=\"text1noticias\"><strong><img loading=\"lazy\" decoding=\"async\" src=\"http:\/\/localhost:8080\/gente\/img\/vicente peli.jpg\" width=\"375\" height=\"381\" hspace=\"4\" align=\"left\" \/>Miami,  FL.-<\/strong> El gran <strong>Vicente  Fern\u00e1ndez<\/strong> es pasado, presente y futuro del arte popular mexicano. Su huella  imborrable en la m\u00fasica ranchera tambi\u00e9n dej\u00f3 su marca en el cine y por eso es  que su legado hoy cobra nueva vida con la reedici\u00f3n de una colecci\u00f3n con las  canciones de sus pel\u00edculas.<br \/>&#13;<br \/>\n  <br \/>&#13;<br \/>\n  Amado  por su pueblo, Vicente Fern\u00e1ndez es el mayor exponente viviente del g\u00e9nero  ranchero. Tras cuatro d\u00e9cadas de entrega apasionada a la canci\u00f3n de su tierra,  ha ganado incontables reconocimientos, entre los que se cuentan una estrella en  el Paseo de la Fama en Hollywood, su inclusi\u00f3n al sal\u00f3n de la Fama de Billboard  por su contribuci\u00f3n a la m\u00fasica hispana y otro premio de similar envergadura de  parte de \u201cPremio Lo Nuestro\u201d, sin contar sus m\u00faltiples discos de oro y platino.<br \/>&#13;<br \/>\n  <br \/>&#13;<br \/>\n  Pero  su carrera a\u00fan fue m\u00e1s lejos cuando protagoniz\u00f3 m\u00e1s de 20 pel\u00edculas desde el  a\u00f1o 1971, participando en \u201cUno y medio contra el mundo\u201d, gan\u00e1ndose al p\u00fablico y  la cr\u00edtica. Sony BMG Latin, en colaboraci\u00f3n con Laguna Films, ha remasterizado  cinco de sus cl\u00e1sicos para su nueva colecci\u00f3n \u201cVicente Fern\u00e1ndez\u2026 De Pel\u00edcula\u201d.  Este lanzamiento posee caracter\u00edsticas \u00fanicas ya que el p\u00fablico, por primera  vez, podr\u00e1 disfrutar en un solo empaque, de las canciones interpretadas en el  filme adem\u00e1s de la pel\u00edcula en formato de DVD.<br \/>&#13;<br \/>\n  <br \/>&#13;<br \/>\n  Se  trata de \u201cEl Arracadas\u201d, la pel\u00edcula m\u00e1s popular de su carrera hasta la fecha,  donde se escuchan temas muy distintivos como \u201cEl Hijo del Monte\u201d, una versi\u00f3n  irrepetible de la canci\u00f3n \u201cDe qu\u00e9 manera te olvido\u201d y \u201cCruz de Olvido\u201d la  ranchera que no puede faltar en las presentaciones de Vicente Fern\u00e1ndez.  Adem\u00e1s, el \u00e1lbum \u201cEl Hijo Del Pueblo\u201d con el hit \u201cEscuch\u00e9 las Golondrinas\u201d; la  producci\u00f3n \u201cEl Tah\u00far\u201d con \u00e9xitos como \u201cLa Ruleta\u201d y \u201cMi Ultimo Rezo; y las  grabaciones \u201cPor Tu Maldito Amor\u201d y \u201cEl Cuatrero\u201d.<br \/>&#13;<br \/>\n  <br \/>&#13;<br \/>\n  La  colecci\u00f3n se presenta en formato de CD s\u00f3lo con canciones y en dos combos: uno  con el CD y el DVD de cada pel\u00edcula, y otro con el empaque de CD con el mismo contenido.<br \/>&#13;<br \/>\n  <br \/>&#13;<br \/>\n  Este  es el mayor homenaje al legado cinematogr\u00e1fico del gran charro de M\u00e9xico. Los  discos llegar\u00e1n el pr\u00f3ximo martes 9 de septiembre a las tiendas.<\/p>\n<p>&#13;<\/p>\n<h6> 2008-09-07 02:30:23 <\/h6>\n<p><!--\n<link rel=\"stylesheet\" href=\"css\/bootstrap.min.css\">\n\n\n<ul class=\"pagination\">\n\t    \n\t\n\n<li >\n\t<a href='?page_no=21043'>Previous<\/a>\n\t<\/li>\n\n\n       \n    \n\n<li><a href='?page_no=1'>1<\/a><\/li>\n\n\n\n<li><a href='?page_no=2'>2<\/a><\/li>\n\n\n\n<li><a>...<\/a><\/li>\n\n\n\n<li><a href='?page_no=21042'>21042<\/a><\/li>\n\n\n\n<li><a href='?page_no=21043'>21043<\/a><\/li>\n\n\n\n<li class='active'><a>21044<\/a><\/li>\n\n\n\n<li><a href='?page_no=21045'>21045<\/a><\/li>\n\n\n\n<li><a href='?page_no=21046'>21046<\/a><\/li>\n\n\n\n<li><a>...<\/a><\/li>\n\n\n\n<li><a href='?page_no=22522'>22522<\/a><\/li>\n\n\n\n<li><a href='?page_no=22523'>22523<\/a><\/li>\n\n    \n\t\n\n<li >\n\t<a href='?page_no=21045'>Next<\/a>\n\t<\/li>\n\n\n    \n\n<li><a href='?page_no=22523'>Last &rsaquo;&rsaquo;<\/a><\/li>\n\n<\/ul>\n\n\n--><br \/>\n<\/body><\/p>\n","protected":false},"excerpt":{"rendered":"<p>\u201cVicente Fern\u00e1ndez\u2026 De Pel\u00edcula\u201d se reedita su legado cinematogr\u00e1fico&#13; &#13; Sony BMG Latin presenta un lanzamiento in\u00e9dito con las pel\u00edculas y canciones del gran charro de M\u00e9xico&#13; &#13; Se trata de los filmes \u201cEl Arracadas\u201d, \u201cEl Hijo Del Pueblo\u201d, \u201cEl Tah\u00far\u201d, \u201cPor Tu Maldito Amor\u201d y \u201cEl Cuatrero\u201d&#13; &#13; Vicente Fern\u00e1ndez es el mayor exponente [&hellip;]<\/p>\n","protected":false},"author":3,"featured_media":0,"comment_status":"open","ping_status":"open","sticky":false,"template":"","format":"standard","meta":{"footnotes":""},"categories":[25],"tags":[],"class_list":["post-92422","post","type-post","status-publish","format-standard","hentry","category-gente"],"_links":{"self":[{"href":"https:\/\/diariodominicano.com\/index.php?rest_route=\/wp\/v2\/posts\/92422","targetHints":{"allow":["GET"]}}],"collection":[{"href":"https:\/\/diariodominicano.com\/index.php?rest_route=\/wp\/v2\/posts"}],"about":[{"href":"https:\/\/diariodominicano.com\/index.php?rest_route=\/wp\/v2\/types\/post"}],"author":[{"embeddable":true,"href":"https:\/\/diariodominicano.com\/index.php?rest_route=\/wp\/v2\/users\/3"}],"replies":[{"embeddable":true,"href":"https:\/\/diariodominicano.com\/index.php?rest_route=%2Fwp%2Fv2%2Fcomments&post=92422"}],"version-history":[{"count":0,"href":"https:\/\/diariodominicano.com\/index.php?rest_route=\/wp\/v2\/posts\/92422\/revisions"}],"wp:attachment":[{"href":"https:\/\/diariodominicano.com\/index.php?rest_route=%2Fwp%2Fv2%2Fmedia&parent=92422"}],"wp:term":[{"taxonomy":"category","embeddable":true,"href":"https:\/\/diariodominicano.com\/index.php?rest_route=%2Fwp%2Fv2%2Fcategories&post=92422"},{"taxonomy":"post_tag","embeddable":true,"href":"https:\/\/diariodominicano.com\/index.php?rest_route=%2Fwp%2Fv2%2Ftags&post=92422"}],"curies":[{"name":"wp","href":"https:\/\/api.w.org\/{rel}","templated":true}]}}