{"id":92420,"date":"2008-09-08T15:53:54","date_gmt":"2008-09-08T15:53:54","guid":{"rendered":"http:\/\/diariodominicano.ddns.net\/?p=92420"},"modified":"2008-09-08T15:53:54","modified_gmt":"2008-09-08T15:53:54","slug":"victor-y-leo-listos-para-triunfar-en-estados-unidos-y-puerto-rico","status":"publish","type":"post","link":"https:\/\/diariodominicano.com\/?p=92420","title":{"rendered":"V\u00edctor y Leo listos para triunfar en Estados Unidos y Puerto Rico"},"content":{"rendered":"<p><body><\/p>\n<p class=\"titulogrande1\">V\u00edctor y Leo listos para triunfar en  Estados Unidos y Puerto Rico<\/p>\n<p>&#13;<\/p>\n<p align=\"justify\"><strong>El d\u00fao brasile\u00f1o del momento presenta su primer sencillo en Estados Unidos y Puerto Rico titulado \u201cNada es  Normal\u201d<\/strong><\/p>\n<p>&#13;<\/p>\n<p align=\"justify\"><strong>Los talentosos hermanos V\u00edctor  y Leonardo Ch\u00e1vez Zapala, despu\u00e9s de una gran carrera en portugu\u00e9s, <\/strong> <strong>han decidido conquistar el  mercado en espa\u00f1ol<\/strong><\/p>\n<p>&#13;<\/p>\n<p><strong>\u201cNada es Normal\u201d llegar\u00e1 a  las radios a partir de ma\u00f1ana 9 de septiembre<\/strong><\/p>\n<p>&#13;<\/p>\n<p align=\"justify\" class=\"text1noticias\"><strong><img loading=\"lazy\" decoding=\"async\" src=\"http:\/\/localhost:8080\/gente\/img\/duo brasileno.jpg\" width=\"375\" height=\"247\" hspace=\"4\" align=\"left\" \/>Miami,  FL.- <\/strong>El dueto brasile\u00f1o conformado por los talentosos  hermanos <strong>V\u00edctor<\/strong> &amp; <strong>Leo<\/strong>, realizar\u00e1n el lanzamiento oficial  del sencillo \u201cNada es Normal\u201d, de su primer disco en espa\u00f1ol hom\u00f3nimo.<\/p>\n<p>&#13;<\/p>\n<p align=\"justify\" class=\"text1noticias\">V\u00edctor  y Leonardo Ch\u00e1vez Zapala nacieron en la localidad de Abre Campo, Brasil, donde  con mucho sacrificio y entrega lograron abrirse paso en el dif\u00edcil y  competitivo medio de la m\u00fasica, hasta convertirse en importantes exponentes de  la m\u00fasica portuguesa.<\/p>\n<p>&#13;<\/p>\n<p align=\"justify\" class=\"text1noticias\">Despu\u00e9s  que el pasado a\u00f1o asistieran a sus conciertos m\u00e1s de cuatro millones de  personas, conglomeradas en alrededor de 230 presentaciones, y por encima del  medio mill\u00f3n de copias vendidas tan s\u00f3lo en el territorio brasile\u00f1o, ha llegado  el momento para que estos int\u00e9rpretes hagan su entrada triunfal a la radio en  Estados Unidos y Puerto Rico.<\/p>\n<p>&#13;<\/p>\n<p align=\"justify\" class=\"text1noticias\">Siguiendo  el esp\u00edritu y la magia que acompa\u00f1a sus composiciones en su idioma natal, ha  nacido el \u00e1lbum \u201cNada es Normal\u201d, con temas maravillosos en espa\u00f1ol como \u201cAmigo  Apasionado\u201d, \u201cRecuerdos de Amor\u201d, \u201cSigo Extra\u00f1\u00e1ndote\u201d, entre otros.<\/p>\n<p>&#13;<\/p>\n<p align=\"justify\" class=\"text1noticias\">El sencillo  \u201cNada es Normal\u201d, de la autor\u00eda de <strong>V\u00edctor  Chaves<\/strong> y la adaptaci\u00f3n al espa\u00f1ol de <strong>Aureo  Baqueiro<\/strong>, llegar\u00e1 a las radios de Estados Unidos y Puerto Rico a partir del pr\u00f3ximo martes 9 de  septiembre.<\/p>\n<p>&#13;<\/p>\n<h6> 2008-09-08 15:53:54 <\/h6>\n<p><!--\n<link rel=\"stylesheet\" href=\"css\/bootstrap.min.css\">\n\n\n<ul class=\"pagination\">\n\t    \n\t\n\n<li >\n\t<a href='?page_no=21041'>Previous<\/a>\n\t<\/li>\n\n\n       \n    \n\n<li><a href='?page_no=1'>1<\/a><\/li>\n\n\n\n<li><a href='?page_no=2'>2<\/a><\/li>\n\n\n\n<li><a>...<\/a><\/li>\n\n\n\n<li><a href='?page_no=21040'>21040<\/a><\/li>\n\n\n\n<li><a href='?page_no=21041'>21041<\/a><\/li>\n\n\n\n<li class='active'><a>21042<\/a><\/li>\n\n\n\n<li><a href='?page_no=21043'>21043<\/a><\/li>\n\n\n\n<li><a href='?page_no=21044'>21044<\/a><\/li>\n\n\n\n<li><a>...<\/a><\/li>\n\n\n\n<li><a href='?page_no=22522'>22522<\/a><\/li>\n\n\n\n<li><a href='?page_no=22523'>22523<\/a><\/li>\n\n    \n\t\n\n<li >\n\t<a href='?page_no=21043'>Next<\/a>\n\t<\/li>\n\n\n    \n\n<li><a href='?page_no=22523'>Last &rsaquo;&rsaquo;<\/a><\/li>\n\n<\/ul>\n\n\n--><br \/>\n<\/body><\/p>\n","protected":false},"excerpt":{"rendered":"<p>V\u00edctor y Leo listos para triunfar en Estados Unidos y Puerto Rico &#13; El d\u00fao brasile\u00f1o del momento presenta su primer sencillo en Estados Unidos y Puerto Rico titulado \u201cNada es Normal\u201d &#13; Los talentosos hermanos V\u00edctor y Leonardo Ch\u00e1vez Zapala, despu\u00e9s de una gran carrera en portugu\u00e9s, han decidido conquistar el mercado en espa\u00f1ol [&hellip;]<\/p>\n","protected":false},"author":3,"featured_media":0,"comment_status":"open","ping_status":"open","sticky":false,"template":"","format":"standard","meta":{"footnotes":""},"categories":[25],"tags":[],"class_list":["post-92420","post","type-post","status-publish","format-standard","hentry","category-gente"],"_links":{"self":[{"href":"https:\/\/diariodominicano.com\/index.php?rest_route=\/wp\/v2\/posts\/92420","targetHints":{"allow":["GET"]}}],"collection":[{"href":"https:\/\/diariodominicano.com\/index.php?rest_route=\/wp\/v2\/posts"}],"about":[{"href":"https:\/\/diariodominicano.com\/index.php?rest_route=\/wp\/v2\/types\/post"}],"author":[{"embeddable":true,"href":"https:\/\/diariodominicano.com\/index.php?rest_route=\/wp\/v2\/users\/3"}],"replies":[{"embeddable":true,"href":"https:\/\/diariodominicano.com\/index.php?rest_route=%2Fwp%2Fv2%2Fcomments&post=92420"}],"version-history":[{"count":0,"href":"https:\/\/diariodominicano.com\/index.php?rest_route=\/wp\/v2\/posts\/92420\/revisions"}],"wp:attachment":[{"href":"https:\/\/diariodominicano.com\/index.php?rest_route=%2Fwp%2Fv2%2Fmedia&parent=92420"}],"wp:term":[{"taxonomy":"category","embeddable":true,"href":"https:\/\/diariodominicano.com\/index.php?rest_route=%2Fwp%2Fv2%2Fcategories&post=92420"},{"taxonomy":"post_tag","embeddable":true,"href":"https:\/\/diariodominicano.com\/index.php?rest_route=%2Fwp%2Fv2%2Ftags&post=92420"}],"curies":[{"name":"wp","href":"https:\/\/api.w.org\/{rel}","templated":true}]}}